{"id":32789,"date":"2025-05-30T03:17:58","date_gmt":"2025-05-30T03:17:58","guid":{"rendered":"https:\/\/icoinformativo.mx\/home\/?p=32789"},"modified":"2025-05-30T03:17:58","modified_gmt":"2025-05-30T03:17:58","slug":"se-establece-ley-seca-en-chiapas-por-elecciones-judiciales","status":"publish","type":"post","link":"https:\/\/icoinformativo.mx\/home\/?p=32789","title":{"rendered":"Se establece Ley Seca en Chiapas por elecciones judiciales"},"content":{"rendered":"<p>&nbsp;<\/p>\n<p>\u2022 Secretar\u00eda de Salud del estado informa que esta disposici\u00f3n deber\u00e1 aplicarse de las 00:00 horas hasta las 23:59 horas del domingo 1 de junio<\/p>\n<p>&nbsp;<\/p>\n<p>Tuxtla Guti\u00e9rrez, Chiapas; 29 de mayo de 2025.- La Secretar\u00eda de Salud del Gobierno de Chiapas informa que con motivo de la jornada electoral del 1 de junio para la elecci\u00f3n de cargos del Poder Judicial de la Federaci\u00f3n se ha determinado establecer Ley Seca en la entidad, la cual deber\u00e1 aplicarse a partir de las 00:00 horas y hasta las 23:59 horas del pr\u00f3ximo domingo.<\/p>\n<p>&nbsp;<\/p>\n<p>La dependencia estatal se\u00f1ala que esta disposici\u00f3n se fundamenta en lo establecido en el art\u00edculo 18 del Reglamento de la Ley de Salud del Estado de Chiapas en materia de control sanitario de establecimientos que expendan o suministren bebidas alcoh\u00f3licas, el cual refiere que queda estrictamente prohibida la venta y consumo de estos productos el d\u00eda en que se celebren elecciones populares.<\/p>\n<p>&nbsp;<\/p>\n<p>Asimismo, con base en el art\u00edculo 115 de la Constituci\u00f3n Pol\u00edtica de los Estados Unidos Mexicanos, los ayuntamientos, en el \u00e1mbito de su competencia, tienen la facultad para determinar las medidas de seguridad necesarias a fin de hacer cumplir esta disposici\u00f3n estatal.<\/p>\n<p>&nbsp;<\/p>\n<p>Por lo anterior, se pide a los gobiernos municipales hacer extensiva la prohibici\u00f3n de venta de bebidas alcoh\u00f3licas a los establecimientos con este giro, as\u00ed como a la poblaci\u00f3n en general, para su estricto cumplimiento.<\/p>\n","protected":false},"excerpt":{"rendered":"<p>&nbsp; \u2022 Secretar\u00eda de Salud del estado informa que esta disposici\u00f3n deber\u00e1 aplicarse de las&#8230;<\/p>\n","protected":false},"author":2,"featured_media":32790,"comment_status":"closed","ping_status":"closed","sticky":false,"template":"","format":"standard","meta":{"_joinchat":[],"footnotes":""},"categories":[18,1,2,3],"tags":[],"class_list":["post-32789","post","type-post","status-publish","format-standard","has-post-thumbnail","hentry","category-almomento","category-boletin","category-estado","category-health"],"_links":{"self":[{"href":"https:\/\/icoinformativo.mx\/home\/index.php?rest_route=\/wp\/v2\/posts\/32789","targetHints":{"allow":["GET"]}}],"collection":[{"href":"https:\/\/icoinformativo.mx\/home\/index.php?rest_route=\/wp\/v2\/posts"}],"about":[{"href":"https:\/\/icoinformativo.mx\/home\/index.php?rest_route=\/wp\/v2\/types\/post"}],"author":[{"embeddable":true,"href":"https:\/\/icoinformativo.mx\/home\/index.php?rest_route=\/wp\/v2\/users\/2"}],"replies":[{"embeddable":true,"href":"https:\/\/icoinformativo.mx\/home\/index.php?rest_route=%2Fwp%2Fv2%2Fcomments&post=32789"}],"version-history":[{"count":1,"href":"https:\/\/icoinformativo.mx\/home\/index.php?rest_route=\/wp\/v2\/posts\/32789\/revisions"}],"predecessor-version":[{"id":32791,"href":"https:\/\/icoinformativo.mx\/home\/index.php?rest_route=\/wp\/v2\/posts\/32789\/revisions\/32791"}],"wp:featuredmedia":[{"embeddable":true,"href":"https:\/\/icoinformativo.mx\/home\/index.php?rest_route=\/wp\/v2\/media\/32790"}],"wp:attachment":[{"href":"https:\/\/icoinformativo.mx\/home\/index.php?rest_route=%2Fwp%2Fv2%2Fmedia&parent=32789"}],"wp:term":[{"taxonomy":"category","embeddable":true,"href":"https:\/\/icoinformativo.mx\/home\/index.php?rest_route=%2Fwp%2Fv2%2Fcategories&post=32789"},{"taxonomy":"post_tag","embeddable":true,"href":"https:\/\/icoinformativo.mx\/home\/index.php?rest_route=%2Fwp%2Fv2%2Ftags&post=32789"}],"curies":[{"name":"wp","href":"https:\/\/api.w.org\/{rel}","templated":true}]}}