{"id":32774,"date":"2025-05-30T02:55:50","date_gmt":"2025-05-30T02:55:50","guid":{"rendered":"https:\/\/icoinformativo.mx\/home\/?p=32774"},"modified":"2025-05-30T02:55:50","modified_gmt":"2025-05-30T02:55:50","slug":"cecyt-40-las-aguilas-representara-a-chiapas-con-dron-ambiental-en-concurso-nacional","status":"publish","type":"post","link":"https:\/\/icoinformativo.mx\/home\/?p=32774","title":{"rendered":"CECyT 40 Las \u00c1guilas representar\u00e1 a Chiapas con dron ambiental en concurso nacional"},"content":{"rendered":"<p>El proyecto Air Quality Drone propone una soluci\u00f3n m\u00f3vil y asequible para monitorear la contaminaci\u00f3n del aire en zonas urbanas\ufffd<\/p>\n<p>\u2022 Estudiantes del CECyT 40 presentaron su proyecto ambiental en el Sistema Chiapaneco de Radio, Televisi\u00f3n y Cinematograf\u00eda previo a su participaci\u00f3n en un concurso nacional<\/p>\n<p>&nbsp;<\/p>\n<p>Tuxtla Guti\u00e9rrez, Chiapas.\u2013 En respuesta a los crecientes retos ambientales que enfrenta la capital chiapaneca, estudiantes del Colegio de Estudios Cient\u00edficos y Tecnol\u00f3gicos del Estado de Chiapas (Cecytech) Plantel 40 Las \u00c1guilas, han desarrollado un innovador prototipo ecol\u00f3gico: un dron equipado con sensores que mide en tiempo real la calidad del aire y la temperatura ambiental.<\/p>\n<p>&nbsp;<\/p>\n<p>El proyecto titulado Air Quality Drone, fue creado por V\u00edctor Abraham P\u00e9rez Jim\u00e9nez, Diego Antonio Hern\u00e1ndez P\u00e9rez y Grecia Michelle Garc\u00eda G\u00f3mez, bajo la asesor\u00eda del ingeniero Jos\u00e9 Luis Vera Pinto. Con este desarrollo representar\u00e1n a Chiapas en el Concurso Nacional de Creatividad e Innovaci\u00f3n Tecnol\u00f3gica 2025, que se celebrar\u00e1 del 3 al 5 de junio en Saltillo, Coahuila, dentro de la categor\u00eda de Prototipos de Cultura Ecol\u00f3gica y Conservaci\u00f3n del Medio Ambiente.<\/p>\n<p>&nbsp;<\/p>\n<p>Durante una entrevista en el Sistema Chiapaneco de Radio, Televisi\u00f3n y Cinematograf\u00eda, donde compartieron detalles del proyecto, las y los j\u00f3venes manifestaron que este proyecto busca fomentar la participaci\u00f3n ciudadana y educativa en temas de sostenibilidad, integrando ciencia, tecnolog\u00eda y compromiso ambiental, mientras que la directora del plantel, Karen Alejandra Ram\u00edrez Molina, expres\u00f3 su orgullo por el talento y compromiso del equipo representativo.<\/p>\n<p>&nbsp;<\/p>\n<p>Durante las fases de dise\u00f1o, programaci\u00f3n, pruebas de campo y an\u00e1lisis de datos, el equipo logr\u00f3 validar la viabilidad t\u00e9cnica y econ\u00f3mica del sistema. \u201cNuestra meta fue crear una herramienta \u00fatil, accesible y educativa que permita tanto el monitoreo ambiental como la formaci\u00f3n de conciencia ecol\u00f3gica entre j\u00f3venes y autoridades\u201d, expresaron los estudiantes.<\/p>\n<p>&nbsp;<\/p>\n<p>Adem\u00e1s de sus aplicaciones t\u00e9cnicas, el proyecto busca fomentar la participaci\u00f3n ciudadana y educativa en temas de sostenibilidad, integrando ciencia, tecnolog\u00eda y compromiso ambiental. Este esfuerzo reafirma el papel del Cecytech como semillero de innovaci\u00f3n comprometida con el bienestar y la conservaci\u00f3n del entorno.<\/p>\n","protected":false},"excerpt":{"rendered":"<p>El proyecto Air Quality Drone propone una soluci\u00f3n m\u00f3vil y asequible para monitorear la contaminaci\u00f3n&#8230;<\/p>\n","protected":false},"author":2,"featured_media":32775,"comment_status":"closed","ping_status":"closed","sticky":false,"template":"","format":"standard","meta":{"_joinchat":[],"footnotes":""},"categories":[18,1,2,3],"tags":[],"class_list":["post-32774","post","type-post","status-publish","format-standard","has-post-thumbnail","hentry","category-almomento","category-boletin","category-estado","category-health"],"_links":{"self":[{"href":"https:\/\/icoinformativo.mx\/home\/index.php?rest_route=\/wp\/v2\/posts\/32774","targetHints":{"allow":["GET"]}}],"collection":[{"href":"https:\/\/icoinformativo.mx\/home\/index.php?rest_route=\/wp\/v2\/posts"}],"about":[{"href":"https:\/\/icoinformativo.mx\/home\/index.php?rest_route=\/wp\/v2\/types\/post"}],"author":[{"embeddable":true,"href":"https:\/\/icoinformativo.mx\/home\/index.php?rest_route=\/wp\/v2\/users\/2"}],"replies":[{"embeddable":true,"href":"https:\/\/icoinformativo.mx\/home\/index.php?rest_route=%2Fwp%2Fv2%2Fcomments&post=32774"}],"version-history":[{"count":1,"href":"https:\/\/icoinformativo.mx\/home\/index.php?rest_route=\/wp\/v2\/posts\/32774\/revisions"}],"predecessor-version":[{"id":32776,"href":"https:\/\/icoinformativo.mx\/home\/index.php?rest_route=\/wp\/v2\/posts\/32774\/revisions\/32776"}],"wp:featuredmedia":[{"embeddable":true,"href":"https:\/\/icoinformativo.mx\/home\/index.php?rest_route=\/wp\/v2\/media\/32775"}],"wp:attachment":[{"href":"https:\/\/icoinformativo.mx\/home\/index.php?rest_route=%2Fwp%2Fv2%2Fmedia&parent=32774"}],"wp:term":[{"taxonomy":"category","embeddable":true,"href":"https:\/\/icoinformativo.mx\/home\/index.php?rest_route=%2Fwp%2Fv2%2Fcategories&post=32774"},{"taxonomy":"post_tag","embeddable":true,"href":"https:\/\/icoinformativo.mx\/home\/index.php?rest_route=%2Fwp%2Fv2%2Ftags&post=32774"}],"curies":[{"name":"wp","href":"https:\/\/api.w.org\/{rel}","templated":true}]}}