{"id":32762,"date":"2025-05-29T03:56:13","date_gmt":"2025-05-29T03:56:13","guid":{"rendered":"https:\/\/icoinformativo.mx\/home\/?p=32762"},"modified":"2025-05-29T03:56:13","modified_gmt":"2025-05-29T03:56:13","slug":"secretaria-de-la-frontera-sur-consolida-esfuerzos-por-una-frontera-eficiente-segura-y-con-vision-binacional","status":"publish","type":"post","link":"https:\/\/icoinformativo.mx\/home\/?p=32762","title":{"rendered":"Secretar\u00eda de la Frontera Sur consolida esfuerzos por una frontera eficiente, segura y con visi\u00f3n binacional"},"content":{"rendered":"<p>&nbsp;<\/p>\n<p>Tapachula, Chiapas.- En un esfuerzo por consolidar la coordinaci\u00f3n institucional en materia de comercio y fiscalizaci\u00f3n en la regi\u00f3n, la Secretar\u00eda de la Frontera Sur, encabezada por la secretaria Mar\u00eda Amalia Toriello Elorza, llev\u00f3 a cabo la primera reuni\u00f3n de vinculaci\u00f3n interinstitucional con autoridades aduaneras, portuarias y municipales de la regi\u00f3n fronteriza.<\/p>\n<p>Este encuentro tuvo como prop\u00f3sito establecer mecanismos de trabajo que fortalezcan los procesos de recaudaci\u00f3n fiscal, en seguimiento al decreto presidencial del pasado 15 de mayo, mediante el cual la presidenta Claudia Sheinbaum Pardo anunci\u00f3 el retorno de la secci\u00f3n aduanera desde Salina Cruz, Oaxaca, a Ciudad Hidalgo, Chiapas. Esta decisi\u00f3n estrat\u00e9gica busca dinamizar la econom\u00eda regional, fortalecer el comercio legal y reafirmar la presencia de la Secretar\u00eda de la Frontera Sur.<\/p>\n<p>Durante la reuni\u00f3n se destac\u00f3 la importancia de fortalecer la coordinaci\u00f3n entre los tres niveles de gobierno, as\u00ed como con el sector privado involucrado en el comercio exterior, para garantizar una transici\u00f3n ordenada y eficiente en las operaciones aduaneras, y aprovechar al m\u00e1ximo las capacidades log\u00edsticas de la regi\u00f3n.<\/p>\n<p>Este encuentro representa tambi\u00e9n un parteaguas para avanzar en la construcci\u00f3n de una agenda binacional con el pa\u00eds vecino, Guatemala, que permita establecer canales formales de cooperaci\u00f3n regional, facilitar el comercio transfronterizo y atender los desaf\u00edos compartidos en materia de desarrollo y movilidad humana.<\/p>\n<p>Las acciones impulsadas por la Secretar\u00eda de la Frontera Sur en este contexto responden a las gestiones encabezadas por el gobernador de Chiapas, Eduardo Ram\u00edrez Aguilar, quien ha promovido el fortalecimiento de la presencia institucional y econ\u00f3mica del estado en la frontera sur, con el objetivo de convertirla en una plataforma de desarrollo estrat\u00e9gico para el pa\u00eds.<\/p>\n<p>En esta reuni\u00f3n estuvieron presentes el administrador de la Aduana de Ciudad Hidalgo, General Brigadier Retirado, Alejandro Barrera Leal; la gerente general de INTERTRADE, Agencia Aduanal, Rub\u00ed Elorza Alegr\u00eda; el presidente municipal de Ciudad Hidalgo, Elmer de Jes\u00fas V\u00e1zquez Gallardo; la directora comercial de ASIPONA Chiapas, Raquel G\u00e1lvez G\u00e1lvez, en representaci\u00f3n del director general, Almirante Mateo Arzate Loza.<\/p>\n<p>As\u00ed como el director comercial de INELAC, Roberto Rocha Mac\u00edas; el director de Operaciones de la empresa en menci\u00f3n, Rualdo Leonel Leal; el coordinador de Asesores de la Secretar\u00eda de la Frontera Sur, Ulises Hidalgo Hern\u00e1ndez y autoridades municipales de Tuxtla Chico.<\/p>\n<p>La secretaria, Mar\u00eda Amalia Toriello Elorza, reiter\u00f3 su compromiso de impulsar una agenda fronteriza basada en el di\u00e1logo interinstitucional, la eficiencia operativa y el desarrollo econ\u00f3mico con perspectiva social, que permita a Chiapas consolidarse como una puerta estrat\u00e9gica para el sur-sureste del pa\u00eds y como punto de entendimiento binacional.<\/p>\n","protected":false},"excerpt":{"rendered":"<p>&nbsp; Tapachula, Chiapas.- En un esfuerzo por consolidar la coordinaci\u00f3n institucional en materia de comercio&#8230;<\/p>\n","protected":false},"author":2,"featured_media":32763,"comment_status":"closed","ping_status":"closed","sticky":false,"template":"","format":"standard","meta":{"_joinchat":[],"footnotes":""},"categories":[18,1,2,3],"tags":[],"class_list":["post-32762","post","type-post","status-publish","format-standard","has-post-thumbnail","hentry","category-almomento","category-boletin","category-estado","category-health"],"_links":{"self":[{"href":"https:\/\/icoinformativo.mx\/home\/index.php?rest_route=\/wp\/v2\/posts\/32762","targetHints":{"allow":["GET"]}}],"collection":[{"href":"https:\/\/icoinformativo.mx\/home\/index.php?rest_route=\/wp\/v2\/posts"}],"about":[{"href":"https:\/\/icoinformativo.mx\/home\/index.php?rest_route=\/wp\/v2\/types\/post"}],"author":[{"embeddable":true,"href":"https:\/\/icoinformativo.mx\/home\/index.php?rest_route=\/wp\/v2\/users\/2"}],"replies":[{"embeddable":true,"href":"https:\/\/icoinformativo.mx\/home\/index.php?rest_route=%2Fwp%2Fv2%2Fcomments&post=32762"}],"version-history":[{"count":1,"href":"https:\/\/icoinformativo.mx\/home\/index.php?rest_route=\/wp\/v2\/posts\/32762\/revisions"}],"predecessor-version":[{"id":32764,"href":"https:\/\/icoinformativo.mx\/home\/index.php?rest_route=\/wp\/v2\/posts\/32762\/revisions\/32764"}],"wp:featuredmedia":[{"embeddable":true,"href":"https:\/\/icoinformativo.mx\/home\/index.php?rest_route=\/wp\/v2\/media\/32763"}],"wp:attachment":[{"href":"https:\/\/icoinformativo.mx\/home\/index.php?rest_route=%2Fwp%2Fv2%2Fmedia&parent=32762"}],"wp:term":[{"taxonomy":"category","embeddable":true,"href":"https:\/\/icoinformativo.mx\/home\/index.php?rest_route=%2Fwp%2Fv2%2Fcategories&post=32762"},{"taxonomy":"post_tag","embeddable":true,"href":"https:\/\/icoinformativo.mx\/home\/index.php?rest_route=%2Fwp%2Fv2%2Ftags&post=32762"}],"curies":[{"name":"wp","href":"https:\/\/api.w.org\/{rel}","templated":true}]}}