{"id":32759,"date":"2025-05-29T03:51:48","date_gmt":"2025-05-29T03:51:48","guid":{"rendered":"https:\/\/icoinformativo.mx\/home\/?p=32759"},"modified":"2025-05-29T03:51:48","modified_gmt":"2025-05-29T03:51:48","slug":"iap-chiapas-y-cespe-firman-convenio-de-colaboracion-para-impulsar-la-capacitacion-y-profesionalizacion-del-servicio-publico","status":"publish","type":"post","link":"https:\/\/icoinformativo.mx\/home\/?p=32759","title":{"rendered":"IAP Chiapas y CESPE firman convenio de colaboraci\u00f3n para\u00a0impulsar la capacitaci\u00f3n y profesionalizaci\u00f3n del servicio p\u00fablico"},"content":{"rendered":"<div id=\"m_textViewLayer\" class=\"layer\">\n<div id=\"m_content\">\n<div id=\"pc1\">\n<div id=\"p1\">\n<div>\u00b7 La firma estuvo encabezada por Lysette Raquel Lameiro Camacho, presidenta del Consejo Directivo del IAP Chiapas y Alonso Centeno Hern\u00e1ndez, director de la CESPE<\/div>\n<div><\/div>\n<div>Ensenada, Baja California; 28 de mayo de 2025.- Con el objetivo de fortalecer las\u00a0capacidades institucionales y fomentar la profesionalizaci\u00f3n continua del personal, el\u00a0Instituto de Administraci\u00f3n P\u00fablica del Estado de Chiapas (IAP Chiapas) y la Comisi\u00f3n Estatal\u00a0de Servicios P\u00fablicos de Ensenada (CESPE), celebraron la firma de un convenio de\u00a0colaboraci\u00f3n interinstitucional.<\/div>\n<div>El acuerdo fue signado por Lysette Raquel Lameiro Camacho, presidenta del Consejo\u00a0Directivo del IAP Chiapas, y Alonso Centeno Hern\u00e1ndez, director de la CESPE, quienes\u00a0destacaron la importancia de generar alianzas estrat\u00e9gicas que permitan elevar la calidad\u00a0del servicio p\u00fablico.<\/div>\n<div>Durante su intervenci\u00f3n, la presidenta del IAP Chiapas, Lysette Lameiro Camacho, expres\u00f3:\u00a0\u201cEn concordancia con lo estipulado por la presidenta de la Rep\u00fablica, Claudia Sheinbaum\u00a0Pardo, de impulsar la profesionalizaci\u00f3n del sector p\u00fablico en todo el pa\u00eds, agradezco\u00a0profundamente a nuestro gobernador, Eduardo Ram\u00edrez Aguilar, por su respaldo y por\u00a0permitirme representar a Chiapas en estos esfuerzos que buscan fortalecer las capacidades\u00a0del estado mediante alianzas con otras entidades federativas. Muchas gracias, Alonso\u00a0Centeno, por esta valiosa oportunidad\u201d.<\/div>\n<div>Por su parte, Alonso Centeno Hern\u00e1ndez destac\u00f3: \u201cHoy concretamos un convenio de gran\u00a0trascendencia con el IAP Chiapas, representado dignamente por Lysette Lameiro.\u00a0Agradezco sinceramente tu disposici\u00f3n de viajar hasta Ensenada para hacer realidad esta\u00a0colaboraci\u00f3n. Este acuerdo nos permitir\u00e1 capacitar de forma continua a nuestro personal y\u00a0seguir mejorando la funci\u00f3n p\u00fablica, tal como nos lo ha instruido nuestra gobernadora.\u00a0Gracias por tu compromiso, Lysette\u201d.<\/div>\n<div>La firma del convenio cont\u00f3 con la presencia de integrantes del Consejo Directivo del IAP\u00a0Chiapas, as\u00ed como de funcionarias y funcionarios de la CESPE, quienes celebraron esta\u00a0iniciativa como un paso firme hacia el fortalecimiento institucional y el desarrollo\u00a0profesional del capital humano en el sector p\u00fablico.<\/div>\n<\/div>\n<hr class=\"pageHrV2\" \/>\n<\/div>\n<\/div>\n<\/div>\n","protected":false},"excerpt":{"rendered":"<p>\u00b7 La firma estuvo encabezada por Lysette Raquel Lameiro Camacho, presidenta del Consejo Directivo del&#8230;<\/p>\n","protected":false},"author":2,"featured_media":32760,"comment_status":"closed","ping_status":"closed","sticky":false,"template":"","format":"standard","meta":{"_joinchat":[],"footnotes":""},"categories":[18,1,2,3],"tags":[],"class_list":["post-32759","post","type-post","status-publish","format-standard","has-post-thumbnail","hentry","category-almomento","category-boletin","category-estado","category-health"],"_links":{"self":[{"href":"https:\/\/icoinformativo.mx\/home\/index.php?rest_route=\/wp\/v2\/posts\/32759","targetHints":{"allow":["GET"]}}],"collection":[{"href":"https:\/\/icoinformativo.mx\/home\/index.php?rest_route=\/wp\/v2\/posts"}],"about":[{"href":"https:\/\/icoinformativo.mx\/home\/index.php?rest_route=\/wp\/v2\/types\/post"}],"author":[{"embeddable":true,"href":"https:\/\/icoinformativo.mx\/home\/index.php?rest_route=\/wp\/v2\/users\/2"}],"replies":[{"embeddable":true,"href":"https:\/\/icoinformativo.mx\/home\/index.php?rest_route=%2Fwp%2Fv2%2Fcomments&post=32759"}],"version-history":[{"count":1,"href":"https:\/\/icoinformativo.mx\/home\/index.php?rest_route=\/wp\/v2\/posts\/32759\/revisions"}],"predecessor-version":[{"id":32761,"href":"https:\/\/icoinformativo.mx\/home\/index.php?rest_route=\/wp\/v2\/posts\/32759\/revisions\/32761"}],"wp:featuredmedia":[{"embeddable":true,"href":"https:\/\/icoinformativo.mx\/home\/index.php?rest_route=\/wp\/v2\/media\/32760"}],"wp:attachment":[{"href":"https:\/\/icoinformativo.mx\/home\/index.php?rest_route=%2Fwp%2Fv2%2Fmedia&parent=32759"}],"wp:term":[{"taxonomy":"category","embeddable":true,"href":"https:\/\/icoinformativo.mx\/home\/index.php?rest_route=%2Fwp%2Fv2%2Fcategories&post=32759"},{"taxonomy":"post_tag","embeddable":true,"href":"https:\/\/icoinformativo.mx\/home\/index.php?rest_route=%2Fwp%2Fv2%2Ftags&post=32759"}],"curies":[{"name":"wp","href":"https:\/\/api.w.org\/{rel}","templated":true}]}}