{"id":32753,"date":"2025-05-29T03:41:48","date_gmt":"2025-05-29T03:41:48","guid":{"rendered":"https:\/\/icoinformativo.mx\/home\/?p=32753"},"modified":"2025-05-29T03:41:48","modified_gmt":"2025-05-29T03:41:48","slug":"acuerdan-se-y-unicef-trabajo-conjunto-para-garantizar-el-derecho-a-la-educacion-de-ninas-ninos-y-adolescentes-en-chiapas","status":"publish","type":"post","link":"https:\/\/icoinformativo.mx\/home\/?p=32753","title":{"rendered":"Acuerdan SE y Unicef trabajo conjunto para garantizar el derecho\u00a0a la educaci\u00f3n de ni\u00f1as, ni\u00f1os y adolescentes en Chiapas"},"content":{"rendered":"<div id=\"m_toolbarLayer\" class=\"layer\"><\/div>\n<div id=\"m_textViewLayer\" class=\"layer\">\n<div id=\"m_content\">\n<div id=\"pc1\">\n<div id=\"p1\">\n<ul>\n<li>\n<div>\u00b7 Reafirman alianza mediante un convenio de colaboraci\u00f3n firmado por Roger\u00a0Mandujano y Astrid Hollander<\/div>\n<\/li>\n<\/ul>\n<div><\/div>\n<div>Tuxtla Guti\u00e9rrez. \u2013 La Secretar\u00eda de Educaci\u00f3n y el Fondo de las Naciones Unidas para la\u00a0Infancia (Unicef), a trav\u00e9s de su titular, Roger Mandujano Ayala y su jefa de Educaci\u00f3n en\u00a0M\u00e9xico, Astrid Hollander, respectivamente, firmaron este mi\u00e9rcoles un convenio de\u00a0colaboraci\u00f3n que tuvo efecto en las instalaciones de la dependencia estatal.<\/div>\n<div><\/div>\n<div>Dicho acuerdo propone sumar esfuerzos para el desarrollo de acciones que contribuyan al\u00a0dise\u00f1o de pol\u00edticas p\u00fablicas y programas educativos orientados a garantizar el cumplimiento\u00a0del derecho a la educaci\u00f3n de ni\u00f1as, ni\u00f1os y adolescentes en el estado de Chiapas,\u00a0priorizando a los que se encuentren en situaci\u00f3n de vulnerabilidad y movilidad.<\/div>\n<div><\/div>\n<div>De igual forma, busca establecer las bases que permitan una planeaci\u00f3n e implementaci\u00f3n\u00a0de un plan de trabajo com\u00fan en armon\u00eda con la Convenci\u00f3n sobre los Derechos del Ni\u00f1o y\u00a0los proyectos educativos federales y estatales; as\u00ed como diversas acciones de\u00a0fortalecimiento y asistencia t\u00e9cnica para la mejora del logro educativo en el estado de\u00a0Chiapas.<\/div>\n<div><\/div>\n<div>Al respecto, el secretario de Educaci\u00f3n, Roger Mandujano Ayala, expres\u00f3 su agradecimiento\u00a0y amplio reconocimiento a la Unicef, por la gran labor humanitaria que han venido\u00a0realizando a\u00f1o con a\u00f1o en la entidad, instruyendo al personal de Secretar\u00eda de Educaci\u00f3n a\u00a0abrir a\u00fan m\u00e1s las puertas de la colaboraci\u00f3n que se ha mantenido. \u201cHay que proponernos\u00a0metas ambiciosas y, para eso, Chiapas necesita de los mejores aliados\u201d, se\u00f1al\u00f3.<\/div>\n<div><\/div>\n<div>Refiri\u00f3 que la sociedad tiene mucho que aprender de los pueblos y comunidades ind\u00edgenas,\u00a0por lo que celebr\u00f3 los programas que lleva a cabo la Unicef en M\u00e9xico. Destac\u00f3 que desde\u00a0el coraz\u00f3n de la SE est\u00e1 elaborando tambi\u00e9n un plan filos\u00f3fico basado en los conceptos que\u00a0sostienen la conciencia comunitaria de los pueblos ind\u00edgenas de Chiapas, haciendo\u00a0referencia a la Pedagog\u00eda de la Nueva ERA que tiene que ver, -dijo- con el despertar de la\u00a0conciencia, mismo que podr\u00eda llegar a ser un gran legado y fundamento de esta\u00a0colaboraci\u00f3n hist\u00f3rica.<\/div>\n<div><\/div>\n<div>\u201cPensemos en grande y en c\u00f3mo podemos ayudar a Chiapas, pero no solo desde una\u00a0direcci\u00f3n sino tambi\u00e9n desde este enfoque con el fin de que esta sabidur\u00eda ancestral tenga\u00a0el realce y la justicia cognitiva en todos los sectores y niveles educativos. Quiero trabajar<\/div>\n<\/div>\n<hr class=\"pageHrV2\" \/>\n<\/div>\n<div id=\"pc2\">\n<div class=\"pageNumV2\">2 \/ 2<\/div>\n<div id=\"p2\">\n<div>con ustedes y que desarrollemos juntos esta visi\u00f3n bilateral de un proyecto grande y\u00a0ambicioso\u201d, concluy\u00f3.<\/div>\n<div><\/div>\n<div>Por su parte, la jefa de Educaci\u00f3n de Unicef en M\u00e9xico, Astrid Hollander, destac\u00f3 que\u00a0Chiapas es un estado prioritario para ellos y que la educaci\u00f3n no es solamente un derecho\u00a0en s\u00ed mismo para cada ni\u00f1a, ni\u00f1o y adolescente, sino que es ese derecho justamente el que\u00a0habilita a las personas para acceder a otros derechos y tener una vida digna.<\/div>\n<div><\/div>\n<div>Indic\u00f3 que Unicef tiene por mandato ser un aliado y colaborador de los gobiernos para que\u00a0puedan hacen cumplir y valer la Convenci\u00f3n de los Derechos del Ni\u00f1o y otros derechos de\u00a0la ni\u00f1ez, \u201cestamos aqu\u00ed para colaborar, cocrear y construir en conjunto esa educaci\u00f3n de\u00a0calidad para las y los ni\u00f1os y la juventud de Chiapas\u201d, agradeciendo finalmente la confianza\u00a0del Gobierno de Chiapas y la SE para considerarlo un aliado en este trabajo.<\/div>\n<div><\/div>\n<div>El subsecretario de Planeaci\u00f3n Educativa, Eduardo Grajales Gonz\u00e1lez, reconoci\u00f3 la labor de\u00a0la Unicef, especialmente con un sector tan importante como es la ni\u00f1ez y para quienes,\u00a0desde la Secretar\u00eda de Educaci\u00f3n se trabaja; de igual manera, destac\u00f3 la visi\u00f3n del secretario\u00a0de Educaci\u00f3n en su af\u00e1n de ir construyendo estas alianzas y puentes que conduzcan a m\u00e1s\u00a0y mejores resultados, deseando que estos convenios se traduzcan en nuevas realidades\u00a0para las infancias.<\/div>\n<div><\/div>\n<div>Cabe destacar que el pasado 23 de abril el titular del Ejecutivo Estatal celebr\u00f3 un convenio\u00a0con Unicef, con el objetivo de realizar acciones de manera conjunta que contribuyan a\u00a0garantizar el pleno ejercicio, respeto, protecci\u00f3n y promoci\u00f3n de los derechos de ni\u00f1as,\u00a0ni\u00f1os y adolescentes que habitan y transitan esta entidad federativa para el logro pleno y\u00a0armonioso desarrollo de su personalidad, en un ambiente familiar, de felicidad, amor y\u00a0comprensi\u00f3n.<\/div>\n<div><\/div>\n<div>As\u00ed, la Secretar\u00eda de Educaci\u00f3n se convierte en la primera dependencia de esta\u00a0administraci\u00f3n en dar seguimiento a los compromisos adquiridos por el gobernador\u00a0Eduardo Ram\u00edrez Aguilar.<\/div>\n<div><\/div>\n<div>En el encuentro estuvieron presentes Isabel Velasco, jefa de Oficina de Unicef-M\u00e9xico en\u00a0Chiapas y Ang\u00e9lica L\u00f3pez Ortega, oficial de Educaci\u00f3n de Unicef-M\u00e9xico; Jos\u00e9 Ad\u00e1n Altuzar\u00a0Figueroa, director de Divulgaci\u00f3n, as\u00ed como otros directivos de la dependencia estatal.<\/div>\n<\/div>\n<hr class=\"pageHrV2\" \/>\n<\/div>\n<\/div>\n<\/div>\n","protected":false},"excerpt":{"rendered":"<p>\u00b7 Reafirman alianza mediante un convenio de colaboraci\u00f3n firmado por Roger\u00a0Mandujano y Astrid Hollander Tuxtla&#8230;<\/p>\n","protected":false},"author":2,"featured_media":32754,"comment_status":"closed","ping_status":"closed","sticky":false,"template":"","format":"standard","meta":{"_joinchat":[],"footnotes":""},"categories":[18,1,2,3],"tags":[],"class_list":["post-32753","post","type-post","status-publish","format-standard","has-post-thumbnail","hentry","category-almomento","category-boletin","category-estado","category-health"],"_links":{"self":[{"href":"https:\/\/icoinformativo.mx\/home\/index.php?rest_route=\/wp\/v2\/posts\/32753","targetHints":{"allow":["GET"]}}],"collection":[{"href":"https:\/\/icoinformativo.mx\/home\/index.php?rest_route=\/wp\/v2\/posts"}],"about":[{"href":"https:\/\/icoinformativo.mx\/home\/index.php?rest_route=\/wp\/v2\/types\/post"}],"author":[{"embeddable":true,"href":"https:\/\/icoinformativo.mx\/home\/index.php?rest_route=\/wp\/v2\/users\/2"}],"replies":[{"embeddable":true,"href":"https:\/\/icoinformativo.mx\/home\/index.php?rest_route=%2Fwp%2Fv2%2Fcomments&post=32753"}],"version-history":[{"count":1,"href":"https:\/\/icoinformativo.mx\/home\/index.php?rest_route=\/wp\/v2\/posts\/32753\/revisions"}],"predecessor-version":[{"id":32755,"href":"https:\/\/icoinformativo.mx\/home\/index.php?rest_route=\/wp\/v2\/posts\/32753\/revisions\/32755"}],"wp:featuredmedia":[{"embeddable":true,"href":"https:\/\/icoinformativo.mx\/home\/index.php?rest_route=\/wp\/v2\/media\/32754"}],"wp:attachment":[{"href":"https:\/\/icoinformativo.mx\/home\/index.php?rest_route=%2Fwp%2Fv2%2Fmedia&parent=32753"}],"wp:term":[{"taxonomy":"category","embeddable":true,"href":"https:\/\/icoinformativo.mx\/home\/index.php?rest_route=%2Fwp%2Fv2%2Fcategories&post=32753"},{"taxonomy":"post_tag","embeddable":true,"href":"https:\/\/icoinformativo.mx\/home\/index.php?rest_route=%2Fwp%2Fv2%2Ftags&post=32753"}],"curies":[{"name":"wp","href":"https:\/\/api.w.org\/{rel}","templated":true}]}}