{"id":32750,"date":"2025-05-28T02:48:43","date_gmt":"2025-05-28T02:48:43","guid":{"rendered":"https:\/\/icoinformativo.mx\/home\/?p=32750"},"modified":"2025-05-28T02:48:43","modified_gmt":"2025-05-28T02:48:43","slug":"eduardo-ramirez-y-titular-de-la-sep-mario-delgado-fortalecen-coordinacion-en-materia-educativa","status":"publish","type":"post","link":"https:\/\/icoinformativo.mx\/home\/?p=32750","title":{"rendered":"Eduardo Ram\u00edrez y titular de la SEP, Mario Delgado, fortalecen coordinaci\u00f3n en materia educativa"},"content":{"rendered":"<p>&nbsp;<\/p>\n<p>El gobernador Eduardo Ram\u00edrez Aguilar sostuvo una reuni\u00f3n de trabajo con el secretario de Educaci\u00f3n P\u00fablica (SEP), Mario Delgado Carrillo, para tratar asuntos relacionados con la agenda educativa, con el objetivo de fortalecer la educaci\u00f3n en Chiapas.<\/p>\n<p>&nbsp;<\/p>\n<p>Tras el encuentro, realizado en las oficinas de la SEP en la Ciudad de M\u00e9xico, el mandatario chiapaneco reafirm\u00f3 que la educaci\u00f3n es uno de los pilares de su gobierno, por lo que se trabaja en coordinaci\u00f3n con la Federaci\u00f3n para impulsar su desarrollo.<\/p>\n<p>&nbsp;<\/p>\n<p>En este contexto, reconoci\u00f3 la labor de las y los docentes de Chiapas, quienes, dijo, han contribuido con responsabilidad en la formaci\u00f3n de nuevas generaciones de profesionistas.<\/p>\n<p>&nbsp;<\/p>\n<p>\u201cNuestro compromiso es conducirnos con respeto, di\u00e1logo y apertura para atender las necesidades de las y los trabajadores de la educaci\u00f3n\u201d, enfatiz\u00f3.<\/p>\n<p>&nbsp;<\/p>\n<p>Asimismo, subray\u00f3 que su administraci\u00f3n impulsa estrategias y proyectos orientados a mejorar la infraestructura educativa, tanto en comunidades rurales como en zonas urbanas, con el fin de brindar entornos dignos y funcionales para la ense\u00f1anza-aprendizaje.<\/p>\n","protected":false},"excerpt":{"rendered":"<p>&nbsp; El gobernador Eduardo Ram\u00edrez Aguilar sostuvo una reuni\u00f3n de trabajo con el secretario de&#8230;<\/p>\n","protected":false},"author":2,"featured_media":32751,"comment_status":"closed","ping_status":"closed","sticky":false,"template":"","format":"standard","meta":{"_joinchat":[],"footnotes":""},"categories":[18,1,2,3],"tags":[],"class_list":["post-32750","post","type-post","status-publish","format-standard","has-post-thumbnail","hentry","category-almomento","category-boletin","category-estado","category-health"],"_links":{"self":[{"href":"https:\/\/icoinformativo.mx\/home\/index.php?rest_route=\/wp\/v2\/posts\/32750","targetHints":{"allow":["GET"]}}],"collection":[{"href":"https:\/\/icoinformativo.mx\/home\/index.php?rest_route=\/wp\/v2\/posts"}],"about":[{"href":"https:\/\/icoinformativo.mx\/home\/index.php?rest_route=\/wp\/v2\/types\/post"}],"author":[{"embeddable":true,"href":"https:\/\/icoinformativo.mx\/home\/index.php?rest_route=\/wp\/v2\/users\/2"}],"replies":[{"embeddable":true,"href":"https:\/\/icoinformativo.mx\/home\/index.php?rest_route=%2Fwp%2Fv2%2Fcomments&post=32750"}],"version-history":[{"count":1,"href":"https:\/\/icoinformativo.mx\/home\/index.php?rest_route=\/wp\/v2\/posts\/32750\/revisions"}],"predecessor-version":[{"id":32752,"href":"https:\/\/icoinformativo.mx\/home\/index.php?rest_route=\/wp\/v2\/posts\/32750\/revisions\/32752"}],"wp:featuredmedia":[{"embeddable":true,"href":"https:\/\/icoinformativo.mx\/home\/index.php?rest_route=\/wp\/v2\/media\/32751"}],"wp:attachment":[{"href":"https:\/\/icoinformativo.mx\/home\/index.php?rest_route=%2Fwp%2Fv2%2Fmedia&parent=32750"}],"wp:term":[{"taxonomy":"category","embeddable":true,"href":"https:\/\/icoinformativo.mx\/home\/index.php?rest_route=%2Fwp%2Fv2%2Fcategories&post=32750"},{"taxonomy":"post_tag","embeddable":true,"href":"https:\/\/icoinformativo.mx\/home\/index.php?rest_route=%2Fwp%2Fv2%2Ftags&post=32750"}],"curies":[{"name":"wp","href":"https:\/\/api.w.org\/{rel}","templated":true}]}}