{"id":32744,"date":"2025-05-28T02:42:16","date_gmt":"2025-05-28T02:42:16","guid":{"rendered":"https:\/\/icoinformativo.mx\/home\/?p=32744"},"modified":"2025-05-28T02:42:16","modified_gmt":"2025-05-28T02:42:16","slug":"cecyt-27-huixtan-impulsa-la-decision-vocacional-con-su-expo-feria-de-carreras-tecnicas","status":"publish","type":"post","link":"https:\/\/icoinformativo.mx\/home\/?p=32744","title":{"rendered":"CECyT 27 Huixt\u00e1n impulsa la decisi\u00f3n vocacional con su Expo-Feria de Carreras T\u00e9cnicas"},"content":{"rendered":"<p>&nbsp;<\/p>\n<p>\u00b7 Ko\u2019tan, la mascota del Cecytech, reforz\u00f3 el esp\u00edritu institucional y motiv\u00f3 a estudiantes a vivir la experiencia t\u00e9cnica<\/p>\n<p>\u00b7 Se presentaron proyectos atractivos que despertaron el inter\u00e9s vocacional de j\u00f3venes de secundaria<\/p>\n<p>&nbsp;<\/p>\n<p>Huixt\u00e1n, Chiapas.\u2013 En el marco de la campa\u00f1a estatal de promoci\u00f3n educativa impulsada por el Colegio de Estudios Cient\u00edficos y Tecnol\u00f3gicos del Estado de Chiapas (Cecytech), el Plantel 27 Huixt\u00e1n celebr\u00f3 con gran \u00e9xito su Expo-Feria de Carreras T\u00e9cnicas, un espacio de encuentro y divulgaci\u00f3n que evidenci\u00f3 el talento, conocimiento y compromiso de su comunidad escolar.<\/p>\n<p>&nbsp;<\/p>\n<p>El evento cont\u00f3 con la presencia especial de Ko\u2019tan, la mascota institucional del Colegio, s\u00edmbolo del coraz\u00f3n que gu\u00eda la educaci\u00f3n y el progreso en Chiapas, fortaleciendo el sentido de identidad y pertenencia entre estudiantes y docentes.<\/p>\n<p>&nbsp;<\/p>\n<p>Durante la jornada el director del Plantel 27, Joaqu\u00edn Escobar Garc\u00eda, reconoci\u00f3 el esfuerzo colectivo del cuerpo docente y la entusiasta participaci\u00f3n del alumnado en la planeaci\u00f3n y ejecuci\u00f3n de la expo. \u201cEstas actividades permiten mostrar a la sociedad el valor de nuestra oferta educativa. En Huixt\u00e1n estamos formando t\u00e9cnicos competentes, conscientes de su entorno y orgullosos de lo que pueden aportar a Chiapas\u201d, expres\u00f3.<\/p>\n<p>&nbsp;<\/p>\n<p>La Expo-Feria present\u00f3 una muestra representativa de los programas acad\u00e9micos del plantel, con m\u00f3dulos de la especialidad de Producci\u00f3n Industrial de Alimentos, donde se demostraron procesos y an\u00e1lisis de calidad y proyectos de Suelos y Fertilizantes enfocados en el uso responsable de recursos naturales y la sustentabilidad agr\u00edcola, reflejando el enfoque pr\u00e1ctico y contextualizado de la formaci\u00f3n t\u00e9cnica que ofrece el Cecytech en Huixt\u00e1n.<\/p>\n<p>&nbsp;<\/p>\n<p>Durante el evento tambi\u00e9n se inform\u00f3 a madres, padres de familia y visitantes sobre los apoyos institucionales con los que cuentan las y los estudiantes del Cecytech, tales como la afiliaci\u00f3n al Instituto Mexicano del Seguro Social (IMSS), las Becas para el Bienestar Benito Ju\u00e1rez, as\u00ed como otros programas que buscan garantizar la permanencia escolar y disminuir las brechas de desigualdad educativa en la regi\u00f3n.<\/p>\n<p>&nbsp;<\/p>\n<p>Con iniciativas como esta Expo-Feria el Cecytech reafirma su compromiso con una formaci\u00f3n t\u00e9cnica de calidad, pertinente y con enfoque humanista, que no solo impulsa el desarrollo profesional de la juventud chiapaneca, sino que tambi\u00e9n promueve el bienestar social y la transformaci\u00f3n positiva de sus comunidades.<\/p>\n","protected":false},"excerpt":{"rendered":"<p>&nbsp; \u00b7 Ko\u2019tan, la mascota del Cecytech, reforz\u00f3 el esp\u00edritu institucional y motiv\u00f3 a estudiantes&#8230;<\/p>\n","protected":false},"author":2,"featured_media":32745,"comment_status":"closed","ping_status":"closed","sticky":false,"template":"","format":"standard","meta":{"_joinchat":[],"footnotes":""},"categories":[18,1,2,3],"tags":[],"class_list":["post-32744","post","type-post","status-publish","format-standard","has-post-thumbnail","hentry","category-almomento","category-boletin","category-estado","category-health"],"_links":{"self":[{"href":"https:\/\/icoinformativo.mx\/home\/index.php?rest_route=\/wp\/v2\/posts\/32744","targetHints":{"allow":["GET"]}}],"collection":[{"href":"https:\/\/icoinformativo.mx\/home\/index.php?rest_route=\/wp\/v2\/posts"}],"about":[{"href":"https:\/\/icoinformativo.mx\/home\/index.php?rest_route=\/wp\/v2\/types\/post"}],"author":[{"embeddable":true,"href":"https:\/\/icoinformativo.mx\/home\/index.php?rest_route=\/wp\/v2\/users\/2"}],"replies":[{"embeddable":true,"href":"https:\/\/icoinformativo.mx\/home\/index.php?rest_route=%2Fwp%2Fv2%2Fcomments&post=32744"}],"version-history":[{"count":1,"href":"https:\/\/icoinformativo.mx\/home\/index.php?rest_route=\/wp\/v2\/posts\/32744\/revisions"}],"predecessor-version":[{"id":32746,"href":"https:\/\/icoinformativo.mx\/home\/index.php?rest_route=\/wp\/v2\/posts\/32744\/revisions\/32746"}],"wp:featuredmedia":[{"embeddable":true,"href":"https:\/\/icoinformativo.mx\/home\/index.php?rest_route=\/wp\/v2\/media\/32745"}],"wp:attachment":[{"href":"https:\/\/icoinformativo.mx\/home\/index.php?rest_route=%2Fwp%2Fv2%2Fmedia&parent=32744"}],"wp:term":[{"taxonomy":"category","embeddable":true,"href":"https:\/\/icoinformativo.mx\/home\/index.php?rest_route=%2Fwp%2Fv2%2Fcategories&post=32744"},{"taxonomy":"post_tag","embeddable":true,"href":"https:\/\/icoinformativo.mx\/home\/index.php?rest_route=%2Fwp%2Fv2%2Ftags&post=32744"}],"curies":[{"name":"wp","href":"https:\/\/api.w.org\/{rel}","templated":true}]}}