{"id":32735,"date":"2025-05-28T02:30:41","date_gmt":"2025-05-28T02:30:41","guid":{"rendered":"https:\/\/icoinformativo.mx\/home\/?p=32735"},"modified":"2025-05-28T02:30:41","modified_gmt":"2025-05-28T02:30:41","slug":"iap-chiapas-y-cobach-baja-california-norte-suscriben-convenio-de-colaboracion-para-fortalecer-la-capacitacion-docente","status":"publish","type":"post","link":"https:\/\/icoinformativo.mx\/home\/?p=32735","title":{"rendered":"IAP Chiapas y Cobach Baja California Norte suscriben convenio de colaboraci\u00f3n para fortalecer la capacitaci\u00f3n docente"},"content":{"rendered":"<p>&nbsp;<\/p>\n<p>\u00b7 El acuerdo fue signado por la presidenta del IAP Chiapas y el director general del CobachBC<\/p>\n<p>&nbsp;<\/p>\n<p>Mexicali, Baja California Norte; martes 27 de mayo de 2025.- El Instituto de Administraci\u00f3n P\u00fablica del Estado de Chiapas (IAP Chiapas) y el Colegio de Bachilleres del Estado de Baja California Norte (CobachBC), llevaron a cabo la firma de un convenio de colaboraci\u00f3n con el objetivo de fortalecer la profesionalizaci\u00f3n y capacitaci\u00f3n continua del personal docente.<\/p>\n<p>&nbsp;<\/p>\n<p>Durante su intervenci\u00f3n la directora general del IAP Chiapas, Lysette Lameiro Camacho, expres\u00f3 que esta alianza representa un paso firme hacia una educaci\u00f3n p\u00fablica m\u00e1s preparada, solidaria y orientada al servicio, en concordancia con los principios establecidos en el proyecto nacional educativo.<\/p>\n<p>&nbsp;<\/p>\n<p>Asimismo, agradeci\u00f3 a la gobernadora del estado de Baja California Norte, Marina del Pilar \u00c1vila Olmeda, destacando el v\u00ednculo de amistad y trabajo que mantiene con el gobernador de Chiapas, Eduardo Ram\u00edrez Aguilar, para coadyuvar en la profesionalizaci\u00f3n del sistema educativo en M\u00e9xico convocado por la Presidenta de la Rep\u00fablica, Claudia Sheinbaum Pardo.<\/p>\n<p>&nbsp;<\/p>\n<p>Por su parte, el director general del CobachBC, Gerardo Arturo Sol\u00eds Benavides, coment\u00f3: \u201cTuve la oportunidad de estar recientemente en Chiapas visitando el Instituto de Administraci\u00f3n P\u00fablica, una instituci\u00f3n con un gran prestigio a nivel nacional. Como CobachBC, reconocemos que esta colaboraci\u00f3n ser\u00e1 clave para brindar m\u00e1s y mejores herramientas a nuestros docentes, lo cual es esencial para cumplir con nuestra misi\u00f3n educativa\u201d.<\/p>\n<p>&nbsp;<\/p>\n<p>Durante la firma de convenio estuvieron presentes integrantes del Consejo Directivo del del IAP Chapas y funcionarios del Colegio de Bachilleres de Baja California Norte.<\/p>\n","protected":false},"excerpt":{"rendered":"<p>&nbsp; \u00b7 El acuerdo fue signado por la presidenta del IAP Chiapas y el director&#8230;<\/p>\n","protected":false},"author":2,"featured_media":32736,"comment_status":"closed","ping_status":"closed","sticky":false,"template":"","format":"standard","meta":{"_joinchat":[],"footnotes":""},"categories":[18,1,2,3],"tags":[],"class_list":["post-32735","post","type-post","status-publish","format-standard","has-post-thumbnail","hentry","category-almomento","category-boletin","category-estado","category-health"],"_links":{"self":[{"href":"https:\/\/icoinformativo.mx\/home\/index.php?rest_route=\/wp\/v2\/posts\/32735","targetHints":{"allow":["GET"]}}],"collection":[{"href":"https:\/\/icoinformativo.mx\/home\/index.php?rest_route=\/wp\/v2\/posts"}],"about":[{"href":"https:\/\/icoinformativo.mx\/home\/index.php?rest_route=\/wp\/v2\/types\/post"}],"author":[{"embeddable":true,"href":"https:\/\/icoinformativo.mx\/home\/index.php?rest_route=\/wp\/v2\/users\/2"}],"replies":[{"embeddable":true,"href":"https:\/\/icoinformativo.mx\/home\/index.php?rest_route=%2Fwp%2Fv2%2Fcomments&post=32735"}],"version-history":[{"count":1,"href":"https:\/\/icoinformativo.mx\/home\/index.php?rest_route=\/wp\/v2\/posts\/32735\/revisions"}],"predecessor-version":[{"id":32737,"href":"https:\/\/icoinformativo.mx\/home\/index.php?rest_route=\/wp\/v2\/posts\/32735\/revisions\/32737"}],"wp:featuredmedia":[{"embeddable":true,"href":"https:\/\/icoinformativo.mx\/home\/index.php?rest_route=\/wp\/v2\/media\/32736"}],"wp:attachment":[{"href":"https:\/\/icoinformativo.mx\/home\/index.php?rest_route=%2Fwp%2Fv2%2Fmedia&parent=32735"}],"wp:term":[{"taxonomy":"category","embeddable":true,"href":"https:\/\/icoinformativo.mx\/home\/index.php?rest_route=%2Fwp%2Fv2%2Fcategories&post=32735"},{"taxonomy":"post_tag","embeddable":true,"href":"https:\/\/icoinformativo.mx\/home\/index.php?rest_route=%2Fwp%2Fv2%2Ftags&post=32735"}],"curies":[{"name":"wp","href":"https:\/\/api.w.org\/{rel}","templated":true}]}}