{"id":32732,"date":"2025-05-28T02:25:43","date_gmt":"2025-05-28T02:25:43","guid":{"rendered":"https:\/\/icoinformativo.mx\/home\/?p=32732"},"modified":"2025-05-28T02:25:43","modified_gmt":"2025-05-28T02:25:43","slug":"encabeza-roger-mandujano-reunion-con-integrantes-del-sector-estrategico-de-planeacion-de-educacion","status":"publish","type":"post","link":"https:\/\/icoinformativo.mx\/home\/?p=32732","title":{"rendered":"Encabeza Roger Mandujano reuni\u00f3n con integrantes del Sector Estrat\u00e9gico de Planeaci\u00f3n de Educaci\u00f3n"},"content":{"rendered":"<p>Tuxtla Guti\u00e9rrez.- El sal\u00f3n \u201cDr. Jacinto Arias\u201d de la Secretar\u00eda de Educaci\u00f3n (SE) fue sede este martes de una reuni\u00f3n de trabajo sostenida entre el secretario de Educaci\u00f3n, Roger Mandujano Ayala y los coordinadores, secretarios t\u00e9cnicos y enlaces institucionales que integran el Sector Estrat\u00e9gico de Planeaci\u00f3n de Educaci\u00f3n.<\/p>\n<p>El encuentro tuvo como prop\u00f3sito revisar, junto a los diversos grupos de trabajo conformados el pasado 12 de mayo, el marco normativo del Plan Estatal de Desarrollo 2025-2030, presentar el calendario para la elaboraci\u00f3n del Programa Sectorial de Educaci\u00f3n (Eje 2. Chiapas sin analfabetismo, con educaci\u00f3n intercultural y humanista), y brindar orientaciones acad\u00e9micas para su elaboraci\u00f3n.<\/p>\n<p>Acompa\u00f1ando al responsable del sector educativo estuvieron la coordinadora ejecutiva de la SE y coordinadora suplente del sector, Milena Arellanes Pinto, as\u00ed como la directora de Evaluaci\u00f3n de Programas Institucionales de dicha dependencia, Harumy Figueroa Garc\u00eda, quienes coordinaron los trabajos de este proceso de arranque de construcci\u00f3n del Programa Sectorial de Educaci\u00f3n.<\/p>\n<p>Milena Arellanes Pinto explic\u00f3 que dicho trabajo se encuentra basado en las estrategias de 7 pol\u00edticas p\u00fablicas: 1.- Chiapas puede, alfabetizaci\u00f3n para el desarrollo humanista, 2.- Eficiencia terminal en educaci\u00f3n b\u00e1sica con humanismo transformador, 3.- Educaci\u00f3n media superior con humanismo transformador para j\u00f3venes con m\u00e1s y mejores oportunidades, 4.- Mayor acceso a la educaci\u00f3n superior para el desarrollo sostenible, 5.- Fortalecimiento a la infraestructura f\u00edsica educativa con prioridad en municipios con mayor marginaci\u00f3n, 6.- Desarrollo cient\u00edfico y tecnol\u00f3gico para la transformaci\u00f3n humanista y 7.- Preservaci\u00f3n de las culturas e identidades de los pueblos.<\/p>\n<p>El Plan Sectorial de Educaci\u00f3n, resalt\u00f3, emana del Plan Estatal de Desarrollo, construy\u00e9ndose a mediano plazo y en el que deben materializarse las propuestas de soluci\u00f3n que se vertieron en el PED, a trav\u00e9s de pol\u00edticas p\u00fablicas y teniendo una estructura que, independientemente de los ejes que ya se tienen, se deber\u00e1n de reconstruir mediante un diagn\u00f3stico, una l\u00ednea base con una meta, unos indicadores de estrategia y l\u00edneas de acci\u00f3n por cada indicador.<\/p>\n<p>Por su parte, Mandujano Ayala agradeci\u00f3 a todos los integrantes su compromiso con esta nueva encomienda, anunciando que dichos temas ser\u00e1n expuestos en una serie de foros de consulta que cada uno de los coordinadores de los grupos de trabajo por pol\u00edtica p\u00fablica que hay en este sector estrat\u00e9gico, presidir\u00e1n en su momento; contando con todo el apoyo de la Secretar\u00eda de Educaci\u00f3n tanto a nivel log\u00edstico como acad\u00e9mico, \u201cporque debemos socializar estos temas, escuchar las diversas voces y legitimarlos\u201d.<\/p>\n<p>A\u00f1adi\u00f3 que en la parte de infraestructura tambi\u00e9n se tiene contemplado un plan de trabajo, respetando las autonom\u00edas institucionales, pero estrechamente coordinados a fin de presentar un plan sectorial que debe ser modelo y permita, a trav\u00e9s de la Nueva Escuela Mexicana, innovar en materia educativa y ser un referente a nivel nacional; \u201ces un trabajo de socializaci\u00f3n, de incorporaci\u00f3n de ideas y propuestas; y especialmente, un ejercicio virtuoso que puede sentar un precedente para la educaci\u00f3n en Chiapas\u201d.<\/p>\n<p>Cabe mencionar que los coordinadores de los diversos grupos de trabajo del Sector Estrat\u00e9gico de Planeaci\u00f3n de Educaci\u00f3n, son: Sergio David Molina G\u00f3mez, director del Icheja; Gilberto de los Santos Cruz, subsecretario de Educaci\u00f3n Estatal; Miguel Prado de los Santos, director del Cobach; Oswaldo Chac\u00f3n Rojas, rector de la Unach; Carlos Ildelfonso Jim\u00e9nez Trujillo, director del Inifech; Alexander Jovani Salazar Ru\u00edz, director de Aditech y Ang\u00e9lica Guadalupe Altuzar Constantino, directora del Coneculta.<\/p>\n","protected":false},"excerpt":{"rendered":"<p>Tuxtla Guti\u00e9rrez.- El sal\u00f3n \u201cDr. Jacinto Arias\u201d de la Secretar\u00eda de Educaci\u00f3n (SE) fue sede&#8230;<\/p>\n","protected":false},"author":2,"featured_media":32733,"comment_status":"closed","ping_status":"closed","sticky":false,"template":"","format":"standard","meta":{"_joinchat":[],"footnotes":""},"categories":[18,1,2,3],"tags":[],"class_list":["post-32732","post","type-post","status-publish","format-standard","has-post-thumbnail","hentry","category-almomento","category-boletin","category-estado","category-health"],"_links":{"self":[{"href":"https:\/\/icoinformativo.mx\/home\/index.php?rest_route=\/wp\/v2\/posts\/32732","targetHints":{"allow":["GET"]}}],"collection":[{"href":"https:\/\/icoinformativo.mx\/home\/index.php?rest_route=\/wp\/v2\/posts"}],"about":[{"href":"https:\/\/icoinformativo.mx\/home\/index.php?rest_route=\/wp\/v2\/types\/post"}],"author":[{"embeddable":true,"href":"https:\/\/icoinformativo.mx\/home\/index.php?rest_route=\/wp\/v2\/users\/2"}],"replies":[{"embeddable":true,"href":"https:\/\/icoinformativo.mx\/home\/index.php?rest_route=%2Fwp%2Fv2%2Fcomments&post=32732"}],"version-history":[{"count":1,"href":"https:\/\/icoinformativo.mx\/home\/index.php?rest_route=\/wp\/v2\/posts\/32732\/revisions"}],"predecessor-version":[{"id":32734,"href":"https:\/\/icoinformativo.mx\/home\/index.php?rest_route=\/wp\/v2\/posts\/32732\/revisions\/32734"}],"wp:featuredmedia":[{"embeddable":true,"href":"https:\/\/icoinformativo.mx\/home\/index.php?rest_route=\/wp\/v2\/media\/32733"}],"wp:attachment":[{"href":"https:\/\/icoinformativo.mx\/home\/index.php?rest_route=%2Fwp%2Fv2%2Fmedia&parent=32732"}],"wp:term":[{"taxonomy":"category","embeddable":true,"href":"https:\/\/icoinformativo.mx\/home\/index.php?rest_route=%2Fwp%2Fv2%2Fcategories&post=32732"},{"taxonomy":"post_tag","embeddable":true,"href":"https:\/\/icoinformativo.mx\/home\/index.php?rest_route=%2Fwp%2Fv2%2Ftags&post=32732"}],"curies":[{"name":"wp","href":"https:\/\/api.w.org\/{rel}","templated":true}]}}