{"id":32706,"date":"2025-05-23T03:45:18","date_gmt":"2025-05-23T03:45:18","guid":{"rendered":"https:\/\/icoinformativo.mx\/home\/?p=32706"},"modified":"2025-05-23T03:46:21","modified_gmt":"2025-05-23T03:46:21","slug":"32706","status":"publish","type":"post","link":"https:\/\/icoinformativo.mx\/home\/?p=32706","title":{"rendered":"Por primera vez en la historia de la administraci\u00f3n p\u00fablica estatal, instalan Comisi\u00f3n de Estudios Jur\u00eddicos del Gobierno del Estado"},"content":{"rendered":"<blockquote><p>\u2022 El consejero jur\u00eddico, Guillermo Nieto Arreola, encabez\u00f3 el evento donde se tom\u00f3 protesta a titulares de las \u00e1reas jur\u00eddicas<\/p><\/blockquote>\n<p>&nbsp;<\/p>\n<p>Tuxtla Guti\u00e9rrez, Chiapas.\u2014 Por primera vez en la historia de la administraci\u00f3n p\u00fablica estatal se realiza la instalaci\u00f3n de la Comisi\u00f3n de Estudios Jur\u00eddicos del Gobierno del Estado, acto que estuvo encabezado por el consejero jur\u00eddico, Guillermo Nieto Arreola, con la presencia del gobernador del Estado, Eduardo Ram\u00edrez Aguilar.<\/p>\n<p>&nbsp;<\/p>\n<p>En su mensaje, Guillermo Nieto destac\u00f3 que esta comisi\u00f3n tiene como prop\u00f3sito establecer criterios unificados para la interpretaci\u00f3n de las disposiciones jur\u00eddicas que rigen el funcionamiento de la administraci\u00f3n p\u00fablica estatal.<\/p>\n<p>&nbsp;<\/p>\n<p>Asimismo, subray\u00f3 la importancia de fortalecer las capacidades jur\u00eddicas de las personas integrantes, a trav\u00e9s del an\u00e1lisis de t\u00e9cnicas de litigio adecuadas, uso de excepciones procesales procedentes y medios de impugnaci\u00f3n efectivos, de acuerdo con las particularidades de cada proceso jur\u00eddico.<\/p>\n<p>&nbsp;<\/p>\n<p>Durante el acto protocolario se tom\u00f3 protesta a titulares de las \u00e1reas jur\u00eddicas del Gobierno del Estado, quienes formar\u00e1n parte de esta importante comisi\u00f3n. Se cont\u00f3 con la presencia de alrededor de 500 asistentes que atestiguaron este hist\u00f3rico acontecimiento para la administraci\u00f3n estatal.<\/p>\n<p>&nbsp;<\/p>\n<p>Con esta iniciativa se reafirma el compromiso con la legalidad y la excelencia en el servicio p\u00fablico, impulsando una gesti\u00f3n m\u00e1s s\u00f3lida, profesional y acorde a los principios del Estado de derecho.<\/p>\n","protected":false},"excerpt":{"rendered":"<p>\u2022 El consejero jur\u00eddico, Guillermo Nieto Arreola, encabez\u00f3 el evento donde se tom\u00f3 protesta a&#8230;<\/p>\n","protected":false},"author":2,"featured_media":32707,"comment_status":"closed","ping_status":"closed","sticky":false,"template":"","format":"standard","meta":{"_joinchat":[],"footnotes":""},"categories":[18,1,2,3],"tags":[],"class_list":["post-32706","post","type-post","status-publish","format-standard","has-post-thumbnail","hentry","category-almomento","category-boletin","category-estado","category-health"],"_links":{"self":[{"href":"https:\/\/icoinformativo.mx\/home\/index.php?rest_route=\/wp\/v2\/posts\/32706","targetHints":{"allow":["GET"]}}],"collection":[{"href":"https:\/\/icoinformativo.mx\/home\/index.php?rest_route=\/wp\/v2\/posts"}],"about":[{"href":"https:\/\/icoinformativo.mx\/home\/index.php?rest_route=\/wp\/v2\/types\/post"}],"author":[{"embeddable":true,"href":"https:\/\/icoinformativo.mx\/home\/index.php?rest_route=\/wp\/v2\/users\/2"}],"replies":[{"embeddable":true,"href":"https:\/\/icoinformativo.mx\/home\/index.php?rest_route=%2Fwp%2Fv2%2Fcomments&post=32706"}],"version-history":[{"count":2,"href":"https:\/\/icoinformativo.mx\/home\/index.php?rest_route=\/wp\/v2\/posts\/32706\/revisions"}],"predecessor-version":[{"id":32709,"href":"https:\/\/icoinformativo.mx\/home\/index.php?rest_route=\/wp\/v2\/posts\/32706\/revisions\/32709"}],"wp:featuredmedia":[{"embeddable":true,"href":"https:\/\/icoinformativo.mx\/home\/index.php?rest_route=\/wp\/v2\/media\/32707"}],"wp:attachment":[{"href":"https:\/\/icoinformativo.mx\/home\/index.php?rest_route=%2Fwp%2Fv2%2Fmedia&parent=32706"}],"wp:term":[{"taxonomy":"category","embeddable":true,"href":"https:\/\/icoinformativo.mx\/home\/index.php?rest_route=%2Fwp%2Fv2%2Fcategories&post=32706"},{"taxonomy":"post_tag","embeddable":true,"href":"https:\/\/icoinformativo.mx\/home\/index.php?rest_route=%2Fwp%2Fv2%2Ftags&post=32706"}],"curies":[{"name":"wp","href":"https:\/\/api.w.org\/{rel}","templated":true}]}}