{"id":32703,"date":"2025-05-23T03:41:28","date_gmt":"2025-05-23T03:41:28","guid":{"rendered":"https:\/\/icoinformativo.mx\/home\/?p=32703"},"modified":"2025-05-23T03:41:28","modified_gmt":"2025-05-23T03:41:28","slug":"presentan-a-jovenes-seleccionados-de-talento-chiapas","status":"publish","type":"post","link":"https:\/\/icoinformativo.mx\/home\/?p=32703","title":{"rendered":"Presentan a j\u00f3venes seleccionados de Talento Chiapas"},"content":{"rendered":"<p>&nbsp;<\/p>\n<p>\u2022 Acompa\u00f1ado por Franco Arizala Hurtado, coordinador del proyecto, el titular del Indeporte, Adonai S\u00e1nchez Osorio, catalog\u00f3 como un \u00e9xito esta primera fase<\/p>\n<p>\u2022 Son 15 jugadores y una jugadora quienes fueron invitados por equipos de Liga MX y Liga de Expansi\u00f3n para realizar los filtros internos<\/p>\n<p>&nbsp;<\/p>\n<p>El director del Instituto del Deporte (Indeporte), Adona\u00ed S\u00e1nchez Osorio, present\u00f3 oficialmente a la y los 16 jugadores seleccionados por equipos profesionales de f\u00fatbol, surgidos del programa \u00abTalento Chiapas\u00bb.<\/p>\n<p>Durante el evento realizado en el Auditorio \u00abDr. Belisario Dom\u00ednguez\u00bb del Indeporte, S\u00e1nchez Osorio y Franco Arizala Hurtado, coordinador del proyecto, felicitaron a la y los jugadores chiapanecos y agradecieron a las madres y padres de familia por apoyar a sus hijas e hijos, as\u00ed como a los entrenadores por confiar en este proyecto.<\/p>\n<p>El titular del Indeporte dio a conocer que son 15 jugadores y una jugadora quienes fueron invitados por equipos de Liga MX y Liga de Expansi\u00f3n para realizar los filtros internos; incluso, Emmanuel L\u00f3pez y Alan Yahir Dom\u00ednguez, ya fueron visoreados por Necaxa la semana pasada y accedieron al siguiente filtro, por lo que fueron citados a pretemporada con el equipo.<\/p>\n<p>\u201cHan sido meses de mucho trabajo, entonces podemos decirles que Talento Chiapas es un \u00e9xito, hemos tenido el resultado de 16 j\u00f3venes ya seleccionados. A nosotros nos da much\u00edsimo gusto. Ahora nos toca protegerlos, le pedimos a los clubes una carta de intenci\u00f3n para que exista un compromiso firmado y directo que le daremos seguimiento a estos j\u00f3venes\u201d, mencion\u00f3.<\/p>\n<p>Al evento oficial asistieron: Ximena Sara\u00ed Camacho, seleccionada por Pachuca Femenil; Emiliano Alejandro Couti\u00f1o \u00c1lvarez, seleccionado por Club Le\u00f3n; Emmanuel L\u00f3pez Mart\u00ednez, seleccionado por Necaxa y San Luis y Jesuri Ramos Lorenzo, seleccionado por Cruz Azul.<\/p>\n<p>\u201cTodo este \u00e9xito se dio gracias a la confianza y a la amistad que tienen con Franco Arizala y al trabajo a conciencia que se hizo por parte del Indeporte, aqu\u00ed no estamos intentando promocionar a ning\u00fan jugador, no nos interesa ganar un s\u00f3lo peso; el inter\u00e9s real es facilitarles las cosas a los j\u00f3venes, acercarlos sin que les cueste\u201d, recalc\u00f3 el titular del Indeporte.<\/p>\n<p>Adonai S\u00e1nchez Osorio dijo que la intenci\u00f3n es que miles de j\u00f3venes apasionados del f\u00fatbol vean esta puerta y en cada uno de sus municipios se activen para lograr desarrollarse como futbolistas, para que, en una siguiente edici\u00f3n de Talento Chiapas, puedan ser seleccionados.<\/p>\n<p>El resto de los seleccionados son: Yosmar Joel Ovando Torre, seleccionado por Cruz Azul, Canc\u00fan FC y San Luis; Alejandro L\u00f3pez Bautista, seleccionado por San Luis; Santiago Melo Meneses, seleccionado por San Luis; Robin Aar\u00f3n P\u00e9rez Duquez, seleccionado por San Luis; Alan Yahir Dom\u00ednguez Aceituno, seleccionado por Cruz Azul, Club Necaxa y Canc\u00fan FC.<\/p>\n<p>Mauro Alejandro Rodr\u00edguez Zamora, seleccionado por Club Necaxa; Carlos Adolfo Cruz de Coss, seleccionado por Necaxa; Oscar Gerardo Ochoa, seleccionado por San Luis; Francisco Iv\u00e1n Ruiz Santiz, seleccionado por Alebrijes; Abner Gael N\u00e1jera Toledo, seleccionado por Alebrijes; Bryan Alexander Garc\u00eda Arias, seleccionado por Pachuca, Alebrijes y Canc\u00fan FC y Abner Arturo Trujillo Lorenzana, seleccionado p or Cruz Azul.<\/p>\n","protected":false},"excerpt":{"rendered":"<p>&nbsp; \u2022 Acompa\u00f1ado por Franco Arizala Hurtado, coordinador del proyecto, el titular del Indeporte, Adonai&#8230;<\/p>\n","protected":false},"author":2,"featured_media":32704,"comment_status":"closed","ping_status":"closed","sticky":false,"template":"","format":"standard","meta":{"_joinchat":[],"footnotes":""},"categories":[18,1,2,3],"tags":[],"class_list":["post-32703","post","type-post","status-publish","format-standard","has-post-thumbnail","hentry","category-almomento","category-boletin","category-estado","category-health"],"_links":{"self":[{"href":"https:\/\/icoinformativo.mx\/home\/index.php?rest_route=\/wp\/v2\/posts\/32703","targetHints":{"allow":["GET"]}}],"collection":[{"href":"https:\/\/icoinformativo.mx\/home\/index.php?rest_route=\/wp\/v2\/posts"}],"about":[{"href":"https:\/\/icoinformativo.mx\/home\/index.php?rest_route=\/wp\/v2\/types\/post"}],"author":[{"embeddable":true,"href":"https:\/\/icoinformativo.mx\/home\/index.php?rest_route=\/wp\/v2\/users\/2"}],"replies":[{"embeddable":true,"href":"https:\/\/icoinformativo.mx\/home\/index.php?rest_route=%2Fwp%2Fv2%2Fcomments&post=32703"}],"version-history":[{"count":1,"href":"https:\/\/icoinformativo.mx\/home\/index.php?rest_route=\/wp\/v2\/posts\/32703\/revisions"}],"predecessor-version":[{"id":32705,"href":"https:\/\/icoinformativo.mx\/home\/index.php?rest_route=\/wp\/v2\/posts\/32703\/revisions\/32705"}],"wp:featuredmedia":[{"embeddable":true,"href":"https:\/\/icoinformativo.mx\/home\/index.php?rest_route=\/wp\/v2\/media\/32704"}],"wp:attachment":[{"href":"https:\/\/icoinformativo.mx\/home\/index.php?rest_route=%2Fwp%2Fv2%2Fmedia&parent=32703"}],"wp:term":[{"taxonomy":"category","embeddable":true,"href":"https:\/\/icoinformativo.mx\/home\/index.php?rest_route=%2Fwp%2Fv2%2Fcategories&post=32703"},{"taxonomy":"post_tag","embeddable":true,"href":"https:\/\/icoinformativo.mx\/home\/index.php?rest_route=%2Fwp%2Fv2%2Ftags&post=32703"}],"curies":[{"name":"wp","href":"https:\/\/api.w.org\/{rel}","templated":true}]}}