{"id":32700,"date":"2025-05-23T03:36:31","date_gmt":"2025-05-23T03:36:31","guid":{"rendered":"https:\/\/icoinformativo.mx\/home\/?p=32700"},"modified":"2025-05-23T03:36:31","modified_gmt":"2025-05-23T03:36:31","slug":"sagyp-impulsa-estrategia-integral-de-recuperacion-de-suelos-y-conservacion-hidrica","status":"publish","type":"post","link":"https:\/\/icoinformativo.mx\/home\/?p=32700","title":{"rendered":"SAGyP impulsa estrategia integral de recuperaci\u00f3n de suelos y conservaci\u00f3n h\u00eddrica"},"content":{"rendered":"<p>Ju\u00e1rez, Chiapas, 22 de mayo de 2025.\u2013 En el marco del programa Mesoam\u00e9rica sin Hambre, promovido por la FAO y la Agencia Mexicana de Cooperaci\u00f3n Internacional para el Desarrollo (Amexcid), y con la colaboraci\u00f3n del Instituto para el Desarrollo Sustentable en Mesoam\u00e9rica A.C. (Idesmac), la Secretar\u00eda de Agricultura, Ganader\u00eda y Pesca del Estado de Chiapas (SAGyP) particip\u00f3 en la capacitaci\u00f3n \u201cRecuperaci\u00f3n de suelos degradados y conservaci\u00f3n de los recursos h\u00eddricos\u201d, dirigida a t\u00e9cnicos, productores y autoridades locales.<\/p>\n<p>&nbsp;<\/p>\n<p>Durante la inauguraci\u00f3n, el titular de SAGyP, Marco Antonio Barba Arrocha, expres\u00f3 que el rescate de suelos y cuerpos de agua es una prioridad impostergable para la sostenibilidad agr\u00edcola del estado. \u201cLa degradaci\u00f3n avanza y la productividad disminuye. Necesitamos una acci\u00f3n conjunta, t\u00e9cnica y decidida que devuelva funcionalidad a nuestros territorios agr\u00edcolas\u201d, puntualiz\u00f3.<\/p>\n<p>&nbsp;<\/p>\n<p>El secretario destac\u00f3 que el gobierno del Estado, encabezado por Eduardo Ram\u00edrez Aguilar, subray\u00f3 la necesidad de implementar pol\u00edticas diferenciadas por regi\u00f3n con base en diagn\u00f3sticos t\u00e9cnicos. \u201cLa agricultura familiar no puede entenderse sin el manejo adecuado del agua ni sin suelos sanos. Estos talleres no son actos protocolarios: son el principio de una respuesta estructurada a d\u00e9cadas de abandono del campo\u201d, afirm\u00f3.<\/p>\n<p>&nbsp;<\/p>\n<p>Barba Arrocha, quien estuvo acompa\u00f1ado del director de Fomento y Desarrollo Agr\u00edcola, C\u00e9sar Antonio N\u00e1jera Tovar, hizo un llamado a integrar esfuerzos entre los tres niveles de gobierno y las comunidades rurales para conservar microcuencas, promover la reforestaci\u00f3n y reducir la vulnerabilidad de los territorios ante el cambio clim\u00e1tico.<\/p>\n<p>&nbsp;<\/p>\n<p>\u201cHoy m\u00e1s que nunca debemos cuidar lo que tenemos y reconstruir lo que hemos perdido. La agricultura no s\u00f3lo es actividad econ\u00f3mica: es ra\u00edz, identidad y destino para miles de familias chiapanecas\u201d, precis\u00f3<\/p>\n<p>&nbsp;<\/p>\n<p>El evento cont\u00f3 con la participaci\u00f3n del presidente municipal de Ju\u00e1rez, \u00d3scar Serra Cantoral, quien deline\u00f3 las caracter\u00edsticas agroclim\u00e1ticas de las cuatro zonas productivas del municipio y reiter\u00f3 su compromiso con la rehabilitaci\u00f3n de tierras degradadas y la prevenci\u00f3n de riesgos h\u00eddricos.<\/p>\n<p>&nbsp;<\/p>\n<p>La capacitaci\u00f3n fue impartida por los especialistas: Isa\u00edas G\u00f3mez S\u00e1nchez y Francisco Toledo, y forma parte de una estrategia que se extender\u00e1 a otras regiones de Chiapas, con la finalidad de integrar pr\u00e1cticas sustentables a los sistemas de agricultura familiar.<\/p>\n","protected":false},"excerpt":{"rendered":"<p>Ju\u00e1rez, Chiapas, 22 de mayo de 2025.\u2013 En el marco del programa Mesoam\u00e9rica sin Hambre,&#8230;<\/p>\n","protected":false},"author":2,"featured_media":32701,"comment_status":"closed","ping_status":"closed","sticky":false,"template":"","format":"standard","meta":{"_joinchat":[],"footnotes":""},"categories":[18,1,2,3],"tags":[],"class_list":["post-32700","post","type-post","status-publish","format-standard","has-post-thumbnail","hentry","category-almomento","category-boletin","category-estado","category-health"],"_links":{"self":[{"href":"https:\/\/icoinformativo.mx\/home\/index.php?rest_route=\/wp\/v2\/posts\/32700","targetHints":{"allow":["GET"]}}],"collection":[{"href":"https:\/\/icoinformativo.mx\/home\/index.php?rest_route=\/wp\/v2\/posts"}],"about":[{"href":"https:\/\/icoinformativo.mx\/home\/index.php?rest_route=\/wp\/v2\/types\/post"}],"author":[{"embeddable":true,"href":"https:\/\/icoinformativo.mx\/home\/index.php?rest_route=\/wp\/v2\/users\/2"}],"replies":[{"embeddable":true,"href":"https:\/\/icoinformativo.mx\/home\/index.php?rest_route=%2Fwp%2Fv2%2Fcomments&post=32700"}],"version-history":[{"count":1,"href":"https:\/\/icoinformativo.mx\/home\/index.php?rest_route=\/wp\/v2\/posts\/32700\/revisions"}],"predecessor-version":[{"id":32702,"href":"https:\/\/icoinformativo.mx\/home\/index.php?rest_route=\/wp\/v2\/posts\/32700\/revisions\/32702"}],"wp:featuredmedia":[{"embeddable":true,"href":"https:\/\/icoinformativo.mx\/home\/index.php?rest_route=\/wp\/v2\/media\/32701"}],"wp:attachment":[{"href":"https:\/\/icoinformativo.mx\/home\/index.php?rest_route=%2Fwp%2Fv2%2Fmedia&parent=32700"}],"wp:term":[{"taxonomy":"category","embeddable":true,"href":"https:\/\/icoinformativo.mx\/home\/index.php?rest_route=%2Fwp%2Fv2%2Fcategories&post=32700"},{"taxonomy":"post_tag","embeddable":true,"href":"https:\/\/icoinformativo.mx\/home\/index.php?rest_route=%2Fwp%2Fv2%2Ftags&post=32700"}],"curies":[{"name":"wp","href":"https:\/\/api.w.org\/{rel}","templated":true}]}}