{"id":32697,"date":"2025-05-23T03:29:41","date_gmt":"2025-05-23T03:29:41","guid":{"rendered":"https:\/\/icoinformativo.mx\/home\/?p=32697"},"modified":"2025-05-23T03:29:41","modified_gmt":"2025-05-23T03:29:41","slug":"supervisan-avances-de-los-circulos-de-estudio-en-el-plantel-n-11-del-cecytech-en-oxchuc","status":"publish","type":"post","link":"https:\/\/icoinformativo.mx\/home\/?p=32697","title":{"rendered":"Supervisan avances de los c\u00edrculos de estudio en el plantel N\u00b0 11 del Cecytech en Oxchuc"},"content":{"rendered":"<p>&nbsp;<\/p>\n<p>\u2022 Los titulares de Educaci\u00f3n, Icheja y Cecytech recorrieron, supervisaron y conocieron de viva voz las experiencias formativas de las y los participantes<\/p>\n<p>Tuxtla Guti\u00e9rrez, Chiapas.\u2013 Con el prop\u00f3sito de supervisar los avances que en materia de alfabetizaci\u00f3n se est\u00e1n realizando en Oxchuc, este jueves se realiz\u00f3 un recorrido por los c\u00edrculos de estudio que el programa Chiapas Puede tiene instalados en el plantel N\u00b011 del Colegio de Estudios Cient\u00edficos y Tecnol\u00f3gicos del Estado de Chiapas (Cecytech), de este municipio.<br \/>\nDicha actividad estuvo encabezada por el secretario de Educaci\u00f3n, Roger Mandujano Ayala; el director general del Instituto Chiapaneco de Educaci\u00f3n para J\u00f3venes y Adultos (Icheja), Sergio David Molina G\u00f3mez; el director general del Cecytech, Luis Guadalupe Morales \u00c1ngeles; y la coordinadora de Capacitaci\u00f3n del M\u00e9todo Mat\u00edas de C\u00f3rdova, Flor Marina Berm\u00fadez Urbina.<br \/>\nEsta iniciativa que busca erradicar el rezago educativo mediante la ense\u00f1anza de la lectura y escritura a personas que a\u00fan no han tenido acceso a estos conocimientos b\u00e1sicos, cont\u00f3 con la participaci\u00f3n activa de personas j\u00f3venes y adultas, quienes compartieron con entusiasmo a las autoridades ah\u00ed presentes c\u00f3mo ha sido su proceso formativo.<br \/>\nAl respecto, el director general del Icheja, Sergio David Molina G\u00f3mez, reconoci\u00f3 al Cecytech como uno de los mejores aliados del programa Chiapas Puede, felicitando a todo el equipo de trabajo con el que cuenta y que hace posible, -dijo- el poder escuchar las historias de vida de las personas que est\u00e1n aprendiendo a leer y a escribir.<br \/>\nReconoci\u00f3 tambi\u00e9n la gran capacidad, esfuerzo y dedicaci\u00f3n del secretario de Educaci\u00f3n, especialmente por lograr la uni\u00f3n de todas las partes involucradas en una sola causa, que es la de alfabetizar a quienes m\u00e1s lo necesitan.<br \/>\nMolina G\u00f3mez expres\u00f3 que buscar\u00e1n que las personas que participan en estos c\u00edrculos tengan acceso a la beca \u00abRosario Castellanos\u00bb y cuenten con el material, as\u00ed como con todas las herramientas necesarias para sacar adelante a este programa.<br \/>\nEl secretario de Educaci\u00f3n, Roger Mandujano Ayala, record\u00f3 en esta visita que Chiapas cuenta hoy con un gobernador que quiere educar al pueblo y que todos aprendan a leer y escribir, reiterando la propuesta de brindar un apoyo econ\u00f3mico a trav\u00e9s de la beca \u00abRosario Castellanos\u00bb a todos los que est\u00e1n aprendiendo a hacerlo.<br \/>\nSubray\u00f3 que los j\u00f3venes que est\u00e1n form\u00e1ndose en estos c\u00edrculos para ser alfabetizadores tambi\u00e9n obtendr\u00e1n muchos beneficios al realizar esta noble labor de ense\u00f1ar a quienes as\u00ed lo necesiten.<br \/>\nMandujano Ayala exhort\u00f3 enseguida a las y los j\u00f3venes a que se sientan orgullosos de sus ra\u00edces y, principalmente, de su lengua \u00abamen su ra\u00edz y su origen, si\u00e9ntanse orgullosos de ellos para que afuera tambi\u00e9n vean lo grandes que son\u00bb.<br \/>\nSer parte de un pueblo originario, enfatiz\u00f3 el titular, no debe significar nunca m\u00e1s abandono sino orgullo e identidad verdadera; invitando finalmente a las y los maestros a aprender tambi\u00e9n la lengua tseltal y a que, a trav\u00e9s de este gran equipo que se est\u00e1 construyendo, ya no haya lugar para el analfabetismo en Oxchuc y ni en ning\u00fan lugar del estado de Chiapas.<\/p>\n","protected":false},"excerpt":{"rendered":"<p>&nbsp; \u2022 Los titulares de Educaci\u00f3n, Icheja y Cecytech recorrieron, supervisaron y conocieron de viva&#8230;<\/p>\n","protected":false},"author":2,"featured_media":32698,"comment_status":"closed","ping_status":"closed","sticky":false,"template":"","format":"standard","meta":{"_joinchat":[],"footnotes":""},"categories":[18,1,2,3],"tags":[],"class_list":["post-32697","post","type-post","status-publish","format-standard","has-post-thumbnail","hentry","category-almomento","category-boletin","category-estado","category-health"],"_links":{"self":[{"href":"https:\/\/icoinformativo.mx\/home\/index.php?rest_route=\/wp\/v2\/posts\/32697","targetHints":{"allow":["GET"]}}],"collection":[{"href":"https:\/\/icoinformativo.mx\/home\/index.php?rest_route=\/wp\/v2\/posts"}],"about":[{"href":"https:\/\/icoinformativo.mx\/home\/index.php?rest_route=\/wp\/v2\/types\/post"}],"author":[{"embeddable":true,"href":"https:\/\/icoinformativo.mx\/home\/index.php?rest_route=\/wp\/v2\/users\/2"}],"replies":[{"embeddable":true,"href":"https:\/\/icoinformativo.mx\/home\/index.php?rest_route=%2Fwp%2Fv2%2Fcomments&post=32697"}],"version-history":[{"count":1,"href":"https:\/\/icoinformativo.mx\/home\/index.php?rest_route=\/wp\/v2\/posts\/32697\/revisions"}],"predecessor-version":[{"id":32699,"href":"https:\/\/icoinformativo.mx\/home\/index.php?rest_route=\/wp\/v2\/posts\/32697\/revisions\/32699"}],"wp:featuredmedia":[{"embeddable":true,"href":"https:\/\/icoinformativo.mx\/home\/index.php?rest_route=\/wp\/v2\/media\/32698"}],"wp:attachment":[{"href":"https:\/\/icoinformativo.mx\/home\/index.php?rest_route=%2Fwp%2Fv2%2Fmedia&parent=32697"}],"wp:term":[{"taxonomy":"category","embeddable":true,"href":"https:\/\/icoinformativo.mx\/home\/index.php?rest_route=%2Fwp%2Fv2%2Fcategories&post=32697"},{"taxonomy":"post_tag","embeddable":true,"href":"https:\/\/icoinformativo.mx\/home\/index.php?rest_route=%2Fwp%2Fv2%2Ftags&post=32697"}],"curies":[{"name":"wp","href":"https:\/\/api.w.org\/{rel}","templated":true}]}}