{"id":32694,"date":"2025-05-23T03:21:10","date_gmt":"2025-05-23T03:21:10","guid":{"rendered":"https:\/\/icoinformativo.mx\/home\/?p=32694"},"modified":"2025-05-23T03:21:10","modified_gmt":"2025-05-23T03:21:10","slug":"avanza-la-conectividad-con-sentido-social-en-chiapas-paco-chacon","status":"publish","type":"post","link":"https:\/\/icoinformativo.mx\/home\/?p=32694","title":{"rendered":"Avanza la conectividad con sentido social en Chiapas: Paco Chac\u00f3n"},"content":{"rendered":"<p>&nbsp;<\/p>\n<p>\u2022 Se entregaron chips del programa Conecta Chiapas a estudiantes de la Escuela Superior de Trabajo Social \u201cJes\u00fas Aquino Juan\u201d.<\/p>\n<p>\u2022 El gobernador Eduardo Ram\u00edrez impulsa este programa con la convicci\u00f3n de que una juventud conectada, es una juventud con voz, con sue\u00f1os y con poder transformador, asegur\u00f3 el secretario del Humanismo<\/p>\n<p>&nbsp;<\/p>\n<p>Con el compromiso de seguir acercando la tecnolog\u00eda a las y los j\u00f3venes de Chiapas, el secretario del Humanismo, Francisco Chac\u00f3n, entreg\u00f3 chips del programa Conecta Chiapas a estudiantes de la Escuela Superior de Trabajo Social \u201cJes\u00fas Aquino Juan\u201d.<\/p>\n<p>&nbsp;<\/p>\n<p>Desde esta instituci\u00f3n emblem\u00e1tica, reconocida por formar no solo profesionistas, sino corazones comprometidos con las causas sociales, Francisco Chac\u00f3n destac\u00f3 la importancia del trabajo social como una profesi\u00f3n profundamente humana, que lucha cada d\u00eda por la justicia, la inclusi\u00f3n y la dignidad de todas las personas.<\/p>\n<p>&nbsp;<\/p>\n<p>Asever\u00f3 que, gracias a este programa, las y los estudiantes ahora contar\u00e1n con acceso gratuito a servicios de internet y telefon\u00eda, herramientas esenciales para su formaci\u00f3n acad\u00e9mica y su labor social.<\/p>\n<p>&nbsp;<\/p>\n<p>\u201cUstedes son el presente y el futuro de Chiapas. Y para construir ese futuro, es necesario que tengan las herramientas para conectarse, para estudiar, para investigar, para organizarse y transformar la realidad que les rodea.\u201d<\/p>\n<p>&nbsp;<\/p>\n<p>Dijo que el gobernador Eduardo Ram\u00edrez impulsa este programa con la firme convicci\u00f3n de que una juventud conectada es una juventud con voz, con sue\u00f1os y con poder transformador. Cree en un Chiapas donde todas y todos tengan acceso a la tecnolog\u00eda, al conocimiento y a una vida digna.<\/p>\n<p>&nbsp;<\/p>\n<p>\u201cAprovechen al m\u00e1ximo este apoyo, pero, sobre todo, sigan siendo estudiantes comprometidos, cr\u00edticos y so\u00f1adores. Porque Chiapas necesita su energ\u00eda, su pasi\u00f3n y su mirada fresca para construir un estado m\u00e1s justo y m\u00e1s humano\u201d, concluy\u00f3 Francisco Chac\u00f3n.<\/p>\n","protected":false},"excerpt":{"rendered":"<p>&nbsp; \u2022 Se entregaron chips del programa Conecta Chiapas a estudiantes de la Escuela Superior&#8230;<\/p>\n","protected":false},"author":2,"featured_media":32695,"comment_status":"closed","ping_status":"closed","sticky":false,"template":"","format":"standard","meta":{"_joinchat":[],"footnotes":""},"categories":[18,1,2,3],"tags":[],"class_list":["post-32694","post","type-post","status-publish","format-standard","has-post-thumbnail","hentry","category-almomento","category-boletin","category-estado","category-health"],"_links":{"self":[{"href":"https:\/\/icoinformativo.mx\/home\/index.php?rest_route=\/wp\/v2\/posts\/32694","targetHints":{"allow":["GET"]}}],"collection":[{"href":"https:\/\/icoinformativo.mx\/home\/index.php?rest_route=\/wp\/v2\/posts"}],"about":[{"href":"https:\/\/icoinformativo.mx\/home\/index.php?rest_route=\/wp\/v2\/types\/post"}],"author":[{"embeddable":true,"href":"https:\/\/icoinformativo.mx\/home\/index.php?rest_route=\/wp\/v2\/users\/2"}],"replies":[{"embeddable":true,"href":"https:\/\/icoinformativo.mx\/home\/index.php?rest_route=%2Fwp%2Fv2%2Fcomments&post=32694"}],"version-history":[{"count":1,"href":"https:\/\/icoinformativo.mx\/home\/index.php?rest_route=\/wp\/v2\/posts\/32694\/revisions"}],"predecessor-version":[{"id":32696,"href":"https:\/\/icoinformativo.mx\/home\/index.php?rest_route=\/wp\/v2\/posts\/32694\/revisions\/32696"}],"wp:featuredmedia":[{"embeddable":true,"href":"https:\/\/icoinformativo.mx\/home\/index.php?rest_route=\/wp\/v2\/media\/32695"}],"wp:attachment":[{"href":"https:\/\/icoinformativo.mx\/home\/index.php?rest_route=%2Fwp%2Fv2%2Fmedia&parent=32694"}],"wp:term":[{"taxonomy":"category","embeddable":true,"href":"https:\/\/icoinformativo.mx\/home\/index.php?rest_route=%2Fwp%2Fv2%2Fcategories&post=32694"},{"taxonomy":"post_tag","embeddable":true,"href":"https:\/\/icoinformativo.mx\/home\/index.php?rest_route=%2Fwp%2Fv2%2Ftags&post=32694"}],"curies":[{"name":"wp","href":"https:\/\/api.w.org\/{rel}","templated":true}]}}