{"id":32688,"date":"2025-05-23T03:03:10","date_gmt":"2025-05-23T03:03:10","guid":{"rendered":"https:\/\/icoinformativo.mx\/home\/?p=32688"},"modified":"2025-05-23T03:03:10","modified_gmt":"2025-05-23T03:03:10","slug":"inauguran-exhibicion-de-piezas-ganadoras-y-ceremonia-de-premiacion-del-xv-concurso-estatal-de-jugueteria-popular-de-chiapas-2025","status":"publish","type":"post","link":"https:\/\/icoinformativo.mx\/home\/?p=32688","title":{"rendered":"Inauguran Exhibici\u00f3n de Piezas Ganadoras y Ceremonia de Premiaci\u00f3n del\u00a0XV Concurso Estatal de Jugueter\u00eda Popular de Chiapas 2025"},"content":{"rendered":"<div id=\"m_toolbarLayer\" class=\"layer\"><\/div>\n<div id=\"m_textViewLayer\" class=\"layer\">\n<div id=\"m_content\">\n<div id=\"pc1\">\n<div id=\"p1\">\n<div><\/div>\n<ul>\n<li>\n<div>\u00b7 El Instituto Casa de las Artesan\u00edas de Chiapas llev\u00f3 a cabo la ceremonia con la\u00a0presencia de las 24 personas artesanas ganadoras<\/div>\n<\/li>\n<\/ul>\n<div><\/div>\n<div>Con motivo a la entrega de premios a las y los artesanos ganadores del XV Concurso Estatal\u00a0de Jugueter\u00eda Popular de Chiapas 2025, el Instituto Casa de las Artesan\u00edas de Chiapas llev\u00f3\u00a0a cabo la ceremonia de premiaci\u00f3n y exhibici\u00f3n de todas las piezas ganadoras.<\/div>\n<div>Asistieron las y los 24 artesanos ganadores, quienes representaron las ramas artesanales de:\u00a0Alfarer\u00eda, Mu\u00f1ecas de Trapo, Fibras Vegetales, Laca, Madera e Instrumentos Musicales;\u00a0asimismo, quienes recibieron las menciones honor\u00edficas y el galard\u00f3n estatal.<\/div>\n<div>Al dar la bienvenida, Marisol Urbina Matus, titular del Instituto Casa de las Artesan\u00edas de\u00a0Chiapas, se\u00f1al\u00f3 la importante labor de los artesanos y artesanas, quienes con talento e\u00a0imaginaci\u00f3n ayudan a preservar la jugueter\u00eda popular.<\/div>\n<div>En representaci\u00f3n de la iniciativa privada, Fernando Zepeda Trujillo, consejero presidente\u00a0de la Marca Chiapas, se\u00f1al\u00f3 que estas acciones ayudan a valorar y mostrar el trabajo\u00a0creativo de las personas artesanas, por lo que invit\u00f3 a la ciudadan\u00eda a conocer y difundir las\u00a0piezas que estar\u00e1n exhibidas en el Museo Casa de las Artesan\u00edas.<\/div>\n<div>Por parte del gremio artesanal particip\u00f3 el maestro artesano, Juan Ricardo Jim\u00e9nez G\u00f3mez,\u00a0ganador del galard\u00f3n estatal, quien agradeci\u00f3 en nombre del sector que se lleven a cabo\u00a0estos concursos, ya que motivan y muestran el talento de las y los artesanos y la herencia\u00a0de nuestros pueblos.<\/div>\n<div>En representaci\u00f3n del gobernador Eduardo Ram\u00edrez Aguilar, asisti\u00f3 Luis Pedrero Gonz\u00e1lez,\u00a0secretario de Econom\u00eda y del Trabajo (SEyT), quien admir\u00f3 la noble labor que realizan las\u00a0personas artesanas en preservar nuestra cultura e identidad, \u201csabemos que tenemos\u00a0producto y somos una sociedad fuerte, el compromiso es generar esta vinculaci\u00f3n para\u00a0poder vender sus productos\u201d, puntualiz\u00f3 al tiempo de invitar a todos a seguir participando\u00a0el pr\u00f3ximo a\u00f1o.<\/div>\n<\/div>\n<hr class=\"pageHrV2\" \/>\n<\/div>\n<\/div>\n<\/div>\n","protected":false},"excerpt":{"rendered":"<p>\u00b7 El Instituto Casa de las Artesan\u00edas de Chiapas llev\u00f3 a cabo la ceremonia con&#8230;<\/p>\n","protected":false},"author":2,"featured_media":32689,"comment_status":"closed","ping_status":"closed","sticky":false,"template":"","format":"standard","meta":{"_joinchat":[],"footnotes":""},"categories":[18,1,2,3],"tags":[],"class_list":["post-32688","post","type-post","status-publish","format-standard","has-post-thumbnail","hentry","category-almomento","category-boletin","category-estado","category-health"],"_links":{"self":[{"href":"https:\/\/icoinformativo.mx\/home\/index.php?rest_route=\/wp\/v2\/posts\/32688","targetHints":{"allow":["GET"]}}],"collection":[{"href":"https:\/\/icoinformativo.mx\/home\/index.php?rest_route=\/wp\/v2\/posts"}],"about":[{"href":"https:\/\/icoinformativo.mx\/home\/index.php?rest_route=\/wp\/v2\/types\/post"}],"author":[{"embeddable":true,"href":"https:\/\/icoinformativo.mx\/home\/index.php?rest_route=\/wp\/v2\/users\/2"}],"replies":[{"embeddable":true,"href":"https:\/\/icoinformativo.mx\/home\/index.php?rest_route=%2Fwp%2Fv2%2Fcomments&post=32688"}],"version-history":[{"count":1,"href":"https:\/\/icoinformativo.mx\/home\/index.php?rest_route=\/wp\/v2\/posts\/32688\/revisions"}],"predecessor-version":[{"id":32690,"href":"https:\/\/icoinformativo.mx\/home\/index.php?rest_route=\/wp\/v2\/posts\/32688\/revisions\/32690"}],"wp:featuredmedia":[{"embeddable":true,"href":"https:\/\/icoinformativo.mx\/home\/index.php?rest_route=\/wp\/v2\/media\/32689"}],"wp:attachment":[{"href":"https:\/\/icoinformativo.mx\/home\/index.php?rest_route=%2Fwp%2Fv2%2Fmedia&parent=32688"}],"wp:term":[{"taxonomy":"category","embeddable":true,"href":"https:\/\/icoinformativo.mx\/home\/index.php?rest_route=%2Fwp%2Fv2%2Fcategories&post=32688"},{"taxonomy":"post_tag","embeddable":true,"href":"https:\/\/icoinformativo.mx\/home\/index.php?rest_route=%2Fwp%2Fv2%2Ftags&post=32688"}],"curies":[{"name":"wp","href":"https:\/\/api.w.org\/{rel}","templated":true}]}}