{"id":32685,"date":"2025-05-23T02:57:55","date_gmt":"2025-05-23T02:57:55","guid":{"rendered":"https:\/\/icoinformativo.mx\/home\/?p=32685"},"modified":"2025-05-23T02:57:55","modified_gmt":"2025-05-23T02:57:55","slug":"aditech-recibe-a-estudiantes-de-la-unicach-en-torre-chiapas-y-planetario-tuxtla","status":"publish","type":"post","link":"https:\/\/icoinformativo.mx\/home\/?p=32685","title":{"rendered":"Aditech recibe a estudiantes de la Unicach en Torre Chiapas y\u00a0Planetario Tuxtla"},"content":{"rendered":"<div id=\"m_toolbarLayer\" class=\"layer\"><\/div>\n<div id=\"m_textViewLayer\" class=\"layer\">\n<div id=\"m_content\">\n<div id=\"pc1\">\n<div id=\"p1\">\n<ul>\n<li>\n<div>\u00b7 Las y los alumnos pertenecen a la Facultad de Ciencias Administrativas y\u00a0Tecnol\u00f3gicas Digitales, con sede en Huixtla<\/div>\n<\/li>\n<\/ul>\n<div><\/div>\n<div>La Agencia Digital Tecnol\u00f3gica del Estado de Chiapas (Aditech), que dirige Jovani Salazar,\u00a0recibi\u00f3 a estudiantes de la Universidad de Ciencias y Artes de Chiapas (Unicach),\u00a0pertenecientes a la Facultad de Ciencias Administrativas y Tecnol\u00f3gicas Digitales, con sede\u00a0en Huixtla. La visita se realiz\u00f3 en las instalaciones del SITE, ubicadas en la Torre Chiapas, as\u00ed\u00a0como en la Estaci\u00f3n Terrena Matz\u00e1 del Planetario Tuxtla.<\/div>\n<div><\/div>\n<div>Durante la jornada, las y los estudiantes de cuarto y sexto semestre de la Licenciatura en\u00a0Tecnolog\u00edas e Innovaci\u00f3n Digital, participaron en diversas pl\u00e1ticas impartidas por personal\u00a0especializado de la Aditech. Estas charlas se llevaron a cabo tanto en la Estaci\u00f3n Terrena\u00a0Matz\u00e1 como en el SITE de la Direcci\u00f3n de Innovaci\u00f3n y Desarrollo Tecnol\u00f3gico.<\/div>\n<div><\/div>\n<div>El objetivo fue vincular los conocimientos adquiridos en el aula con experiencias pr\u00e1cticas\u00a0en \u00e1reas como desarrollo de software, aplicaciones m\u00f3viles, realidad aumentada, realidad\u00a0virtual y firma electr\u00f3nica.<\/div>\n<div><\/div>\n<div>Como parte de la visita, tambi\u00e9n se ofreci\u00f3 un recorrido guiado por las instalaciones del\u00a0Planetario Tuxtla. De manera particular, se destac\u00f3 una presentaci\u00f3n sobre el\u00a0funcionamiento de la Estaci\u00f3n Terrena Matz\u00e1, donde se explic\u00f3 la visualizaci\u00f3n en tiempo\u00a0real de cinco sat\u00e9lites de \u00f3rbita polar baja, tres de la serie NOAA y dos METEOR.<\/div>\n<div><\/div>\n<div>Durante esta actividad se detall\u00f3 que gracias a estos sat\u00e9lites es posible descargar im\u00e1genes\u00a0clave para el monitoreo de fen\u00f3menos como temperatura, lluvia, nubosidad, niebla,\u00a0incendios y temperatura del mar. Esta informaci\u00f3n tiene aplicaciones meteorol\u00f3gicas y\u00a0cient\u00edficas de gran valor, y representa una herramienta fundamental para investigadores y\u00a0acad\u00e9micos de disciplinas como Biolog\u00eda, Cartograf\u00eda, Ingenier\u00eda Ambiental, Geoespacial,\u00a0Urbanismo y Telecomunicaciones, Tecnolog\u00edas e Innovaci\u00f3n Digital, entre otras.<\/div>\n<div><\/div>\n<div>Tanto del grupo como el acompa\u00f1amiento de los docentes Andr\u00e9s Pineda Ventura y Fabi\u00e1n\u00a0L\u00f3pez Rivera, tiene el prop\u00f3sito de fortalecer su formaci\u00f3n acad\u00e9mica y profesional.<\/div>\n<\/div>\n<hr class=\"pageHrV2\" \/>\n<\/div>\n<\/div>\n<\/div>\n","protected":false},"excerpt":{"rendered":"<p>\u00b7 Las y los alumnos pertenecen a la Facultad de Ciencias Administrativas y\u00a0Tecnol\u00f3gicas Digitales, con&#8230;<\/p>\n","protected":false},"author":2,"featured_media":32686,"comment_status":"closed","ping_status":"closed","sticky":false,"template":"","format":"standard","meta":{"_joinchat":[],"footnotes":""},"categories":[18,1,2,3],"tags":[],"class_list":["post-32685","post","type-post","status-publish","format-standard","has-post-thumbnail","hentry","category-almomento","category-boletin","category-estado","category-health"],"_links":{"self":[{"href":"https:\/\/icoinformativo.mx\/home\/index.php?rest_route=\/wp\/v2\/posts\/32685","targetHints":{"allow":["GET"]}}],"collection":[{"href":"https:\/\/icoinformativo.mx\/home\/index.php?rest_route=\/wp\/v2\/posts"}],"about":[{"href":"https:\/\/icoinformativo.mx\/home\/index.php?rest_route=\/wp\/v2\/types\/post"}],"author":[{"embeddable":true,"href":"https:\/\/icoinformativo.mx\/home\/index.php?rest_route=\/wp\/v2\/users\/2"}],"replies":[{"embeddable":true,"href":"https:\/\/icoinformativo.mx\/home\/index.php?rest_route=%2Fwp%2Fv2%2Fcomments&post=32685"}],"version-history":[{"count":1,"href":"https:\/\/icoinformativo.mx\/home\/index.php?rest_route=\/wp\/v2\/posts\/32685\/revisions"}],"predecessor-version":[{"id":32687,"href":"https:\/\/icoinformativo.mx\/home\/index.php?rest_route=\/wp\/v2\/posts\/32685\/revisions\/32687"}],"wp:featuredmedia":[{"embeddable":true,"href":"https:\/\/icoinformativo.mx\/home\/index.php?rest_route=\/wp\/v2\/media\/32686"}],"wp:attachment":[{"href":"https:\/\/icoinformativo.mx\/home\/index.php?rest_route=%2Fwp%2Fv2%2Fmedia&parent=32685"}],"wp:term":[{"taxonomy":"category","embeddable":true,"href":"https:\/\/icoinformativo.mx\/home\/index.php?rest_route=%2Fwp%2Fv2%2Fcategories&post=32685"},{"taxonomy":"post_tag","embeddable":true,"href":"https:\/\/icoinformativo.mx\/home\/index.php?rest_route=%2Fwp%2Fv2%2Ftags&post=32685"}],"curies":[{"name":"wp","href":"https:\/\/api.w.org\/{rel}","templated":true}]}}