{"id":32682,"date":"2025-05-22T03:42:19","date_gmt":"2025-05-22T03:42:19","guid":{"rendered":"https:\/\/icoinformativo.mx\/home\/?p=32682"},"modified":"2025-05-22T03:42:19","modified_gmt":"2025-05-22T03:42:19","slug":"oscar-serra-cantoral-asiste-a-sesion-del-consejo-regional-de-proteccion-civil-en-pichucalco","status":"publish","type":"post","link":"https:\/\/icoinformativo.mx\/home\/?p=32682","title":{"rendered":"Oscar Serra Cantoral asiste a Sesi\u00f3n del Consejo Regional de Protecci\u00f3n Civil en Pichucalco"},"content":{"rendered":"<p>&nbsp;<\/p>\n<p>En esta importante presidida por el Secretario Mauricio Cordero, se instal\u00f3 el consejo previ\u00f3 a la Temporada de Lluvias y Ciclones Tropicales 2025, que se llev\u00f3 a cabo en el municipio de Pichucalco.<\/p>\n<p>&nbsp;<\/p>\n<p>Durante su participaci\u00f3n Oscar Serra Cantoral present\u00f3 el Mapa de Riesgo que se elabor\u00f3 con el personal de la Secretar\u00eda Municipal de Protecci\u00f3n Civil, el cu\u00e1l establece las zonas que pudieran ser de mayor riesgo por desbordamientos de r\u00edos o arroyos derivado de ese sistema, adem\u00e1s cuenta con la ubicaci\u00f3n de los refugios temporales.<\/p>\n<p>&nbsp;<\/p>\n<p>As\u00ed mismo inform\u00f3 de las acciones preventivas que su gobierno est\u00e1 realizando como el desasolve y limpieza de arroyos y rios, la capacitaci\u00f3n de los Comit\u00e9s humanistas, y las campa\u00f1as de informaci\u00f3n para que la ciudadan\u00eda sepa c\u00f3mo actuar y a d\u00f3nde acudir en caso de emergencia<\/p>\n<p>&nbsp;<\/p>\n<p>\u00abDesde el Gobierno Municipal ponderamos la vida y la seguridad de las personas, y sin duda alguna la coordinaci\u00f3n interinstitucional y la prevenci\u00f3n son claves para reducir riesgos, desde luego que la participaci\u00f3n ciudadana es sumamente importante\u00bb; destac\u00f3.<\/p>\n<p>&nbsp;<\/p>\n<p>Se dijo estar listos y preparados para cualquier eventualidad, al contar con los protocolos activados, equipos de monitoreo en constante operaci\u00f3n y coordinaci\u00f3n directa con todas las dependencias involucradas.<\/p>\n<p>&nbsp;<\/p>\n<p>Al finalizar el evento junto a la presidenta municipal del DIF municipal Sonia Calcaneo Montellano, realizaron la entrega de un cuadro al secretario de protecci\u00f3n civil Mauricio Cordero, de su reciente visita a Ju\u00e1rez, qui\u00e9n agradeci\u00f3 el detalle de las autoridades juare\u00f1as.<\/p>\n","protected":false},"excerpt":{"rendered":"<p>&nbsp; En esta importante presidida por el Secretario Mauricio Cordero, se instal\u00f3 el consejo previ\u00f3&#8230;<\/p>\n","protected":false},"author":2,"featured_media":32683,"comment_status":"closed","ping_status":"closed","sticky":false,"template":"","format":"standard","meta":{"_joinchat":[],"footnotes":""},"categories":[18,1,2,3],"tags":[],"class_list":["post-32682","post","type-post","status-publish","format-standard","has-post-thumbnail","hentry","category-almomento","category-boletin","category-estado","category-health"],"_links":{"self":[{"href":"https:\/\/icoinformativo.mx\/home\/index.php?rest_route=\/wp\/v2\/posts\/32682","targetHints":{"allow":["GET"]}}],"collection":[{"href":"https:\/\/icoinformativo.mx\/home\/index.php?rest_route=\/wp\/v2\/posts"}],"about":[{"href":"https:\/\/icoinformativo.mx\/home\/index.php?rest_route=\/wp\/v2\/types\/post"}],"author":[{"embeddable":true,"href":"https:\/\/icoinformativo.mx\/home\/index.php?rest_route=\/wp\/v2\/users\/2"}],"replies":[{"embeddable":true,"href":"https:\/\/icoinformativo.mx\/home\/index.php?rest_route=%2Fwp%2Fv2%2Fcomments&post=32682"}],"version-history":[{"count":1,"href":"https:\/\/icoinformativo.mx\/home\/index.php?rest_route=\/wp\/v2\/posts\/32682\/revisions"}],"predecessor-version":[{"id":32684,"href":"https:\/\/icoinformativo.mx\/home\/index.php?rest_route=\/wp\/v2\/posts\/32682\/revisions\/32684"}],"wp:featuredmedia":[{"embeddable":true,"href":"https:\/\/icoinformativo.mx\/home\/index.php?rest_route=\/wp\/v2\/media\/32683"}],"wp:attachment":[{"href":"https:\/\/icoinformativo.mx\/home\/index.php?rest_route=%2Fwp%2Fv2%2Fmedia&parent=32682"}],"wp:term":[{"taxonomy":"category","embeddable":true,"href":"https:\/\/icoinformativo.mx\/home\/index.php?rest_route=%2Fwp%2Fv2%2Fcategories&post=32682"},{"taxonomy":"post_tag","embeddable":true,"href":"https:\/\/icoinformativo.mx\/home\/index.php?rest_route=%2Fwp%2Fv2%2Ftags&post=32682"}],"curies":[{"name":"wp","href":"https:\/\/api.w.org\/{rel}","templated":true}]}}