{"id":32679,"date":"2025-05-22T03:40:23","date_gmt":"2025-05-22T03:40:23","guid":{"rendered":"https:\/\/icoinformativo.mx\/home\/?p=32679"},"modified":"2025-05-22T03:40:23","modified_gmt":"2025-05-22T03:40:23","slug":"trabajando-unidos-por-la-seguridad-y-el-bienestar-de-solosuchiapa","status":"publish","type":"post","link":"https:\/\/icoinformativo.mx\/home\/?p=32679","title":{"rendered":"Trabajando unidos por la seguridad y el bienestar de Solosuchiapa."},"content":{"rendered":"<p>&nbsp;<\/p>\n<p>El presidente municipal Fernando Aparicio G\u00f3mez tuvo el honor de reunirse con el Fiscal del Estado, Jorge Luis Llaven Abarca, para reforzar la coordinaci\u00f3n entre instituciones en temas fundamentales: la prevenci\u00f3n de la violencia de g\u00e9nero y la protecci\u00f3n de los derechos de ni\u00f1as, ni\u00f1os y adolescentes.<\/p>\n<p>&nbsp;<\/p>\n<p>Desde el gobierno municipal, reafirm\u00f3 su compromiso con una justicia cercana, sensible y eficaz.<\/p>\n<p>&nbsp;<\/p>\n<p>Solo con la suma de esfuerzos entre los tres niveles de gobierno se lograr\u00e1 atender de fondo estas problem\u00e1ticas y garantizar un entorno seguro para todas y todos.<\/p>\n<p>&nbsp;<\/p>\n<p>\u00abSeguimos trabajando con responsabilidad y con el coraz\u00f3n puesto en nuestro pueblo\u00bb.<\/p>\n<p>&nbsp;<\/p>\n<p>#queorgullosershuleco<\/p>\n","protected":false},"excerpt":{"rendered":"<p>&nbsp; El presidente municipal Fernando Aparicio G\u00f3mez tuvo el honor de reunirse con el Fiscal&#8230;<\/p>\n","protected":false},"author":2,"featured_media":32680,"comment_status":"closed","ping_status":"closed","sticky":false,"template":"","format":"standard","meta":{"_joinchat":[],"footnotes":""},"categories":[18,1,2,3],"tags":[],"class_list":["post-32679","post","type-post","status-publish","format-standard","has-post-thumbnail","hentry","category-almomento","category-boletin","category-estado","category-health"],"_links":{"self":[{"href":"https:\/\/icoinformativo.mx\/home\/index.php?rest_route=\/wp\/v2\/posts\/32679","targetHints":{"allow":["GET"]}}],"collection":[{"href":"https:\/\/icoinformativo.mx\/home\/index.php?rest_route=\/wp\/v2\/posts"}],"about":[{"href":"https:\/\/icoinformativo.mx\/home\/index.php?rest_route=\/wp\/v2\/types\/post"}],"author":[{"embeddable":true,"href":"https:\/\/icoinformativo.mx\/home\/index.php?rest_route=\/wp\/v2\/users\/2"}],"replies":[{"embeddable":true,"href":"https:\/\/icoinformativo.mx\/home\/index.php?rest_route=%2Fwp%2Fv2%2Fcomments&post=32679"}],"version-history":[{"count":1,"href":"https:\/\/icoinformativo.mx\/home\/index.php?rest_route=\/wp\/v2\/posts\/32679\/revisions"}],"predecessor-version":[{"id":32681,"href":"https:\/\/icoinformativo.mx\/home\/index.php?rest_route=\/wp\/v2\/posts\/32679\/revisions\/32681"}],"wp:featuredmedia":[{"embeddable":true,"href":"https:\/\/icoinformativo.mx\/home\/index.php?rest_route=\/wp\/v2\/media\/32680"}],"wp:attachment":[{"href":"https:\/\/icoinformativo.mx\/home\/index.php?rest_route=%2Fwp%2Fv2%2Fmedia&parent=32679"}],"wp:term":[{"taxonomy":"category","embeddable":true,"href":"https:\/\/icoinformativo.mx\/home\/index.php?rest_route=%2Fwp%2Fv2%2Fcategories&post=32679"},{"taxonomy":"post_tag","embeddable":true,"href":"https:\/\/icoinformativo.mx\/home\/index.php?rest_route=%2Fwp%2Fv2%2Ftags&post=32679"}],"curies":[{"name":"wp","href":"https:\/\/api.w.org\/{rel}","templated":true}]}}