{"id":32674,"date":"2025-05-22T03:36:39","date_gmt":"2025-05-22T03:36:39","guid":{"rendered":"https:\/\/icoinformativo.mx\/home\/?p=32674"},"modified":"2025-05-22T03:37:04","modified_gmt":"2025-05-22T03:37:04","slug":"sunuapasede-de-la-mesa-de-coordinacion-para-la-construccion-de-la-paz-y-seguridad-en-el-estado-de-chiapas","status":"publish","type":"post","link":"https:\/\/icoinformativo.mx\/home\/?p=32674","title":{"rendered":"Sunuapa: Sede de la Mesa de Coordinaci\u00f3n para la Construcci\u00f3n de la Paz y Seguridad en el Estado de Chiapas"},"content":{"rendered":"<p>&nbsp;<\/p>\n<p>Con el objetivo de fortalecer la estrategia de seguridad, coordinaci\u00f3n interinstitucional y atenci\u00f3n directa a las problem\u00e1ticas en materia de prevenci\u00f3n del delito y pacificaci\u00f3n de los municipios de la regi\u00f3n norte del estado, el municipio de Sunuapa fue sede de la Mesa de Coordinaci\u00f3n para la Construcci\u00f3n de la Paz y Seguridad en el Estado de Chiapas, encuentro encabezado por el presidente municipal, Fredi Ramirez Diaz.<\/p>\n<p>&nbsp;<\/p>\n<p>Durante la sesi\u00f3n de trabajo, autoridades de los tres \u00f3rdenes de gobierno compartieron diagn\u00f3sticos y avances en materia de seguridad p\u00fablica, as\u00ed como acciones integrales en beneficio de las familias de la region. Este espacio de di\u00e1logo permiti\u00f3 establecer acuerdos puntuales sobre operativos conjuntos, vigilancia estrat\u00e9gica y mecanismos de proximidad social para garantizar entornos seguros en la regi\u00f3n.<\/p>\n<p>&nbsp;<\/p>\n<p>El presidente municipal, Fredi Ram\u00edrez D\u00edaz, agradeci\u00f3 la confianza depositada en Sunuapa como sede de tan importante reuni\u00f3n, destacando que este tipo de mesas representan un esfuerzo institucional por dar seguimiento a las pol\u00edticas p\u00fablicas en materia de paz, seguridad y justicia social. Se\u00f1al\u00f3 adem\u00e1s que el Gobierno Municipal reitera su compromiso de trabajar en unidad con las fuerzas federales, estatales y municipales para proteger la tranquilidad de las y los ciudadanos.<\/p>\n<p>&nbsp;<\/p>\n<p>La Mesa de Coordinaci\u00f3n para la Construcci\u00f3n de la Paz y Seguridad cont\u00f3 con la participaci\u00f3n de mandos de la Secretar\u00eda de la Defensa Nacional (SEDENA), Guardia Nacional, Secretar\u00eda de Seguridad y Protecci\u00f3n Ciudadana del Estado, Fiscal\u00eda General del Estado, Secretar\u00eda de Gobierno, as\u00ed como presidentas y presidentes municipales de la regi\u00f3n, quienes refrendaron su disposici\u00f3n de seguir sumando esfuerzos por el bienestar y la seguridad de Chiapas.<\/p>\n<p>&nbsp;<\/p>\n<p>El Gobierno Municipal de Sunuapa continuar\u00e1 colaborando activamente en este esquema de trabajo que prioriza la prevenci\u00f3n, la cooperaci\u00f3n y el respeto al Estado de Derecho.<\/p>\n<p>&nbsp;<\/p>\n","protected":false},"excerpt":{"rendered":"<p>&nbsp; Con el objetivo de fortalecer la estrategia de seguridad, coordinaci\u00f3n interinstitucional y atenci\u00f3n directa&#8230;<\/p>\n","protected":false},"author":2,"featured_media":32675,"comment_status":"closed","ping_status":"closed","sticky":false,"template":"","format":"standard","meta":{"_joinchat":[],"footnotes":""},"categories":[18,1,2,3],"tags":[],"class_list":["post-32674","post","type-post","status-publish","format-standard","has-post-thumbnail","hentry","category-almomento","category-boletin","category-estado","category-health"],"_links":{"self":[{"href":"https:\/\/icoinformativo.mx\/home\/index.php?rest_route=\/wp\/v2\/posts\/32674","targetHints":{"allow":["GET"]}}],"collection":[{"href":"https:\/\/icoinformativo.mx\/home\/index.php?rest_route=\/wp\/v2\/posts"}],"about":[{"href":"https:\/\/icoinformativo.mx\/home\/index.php?rest_route=\/wp\/v2\/types\/post"}],"author":[{"embeddable":true,"href":"https:\/\/icoinformativo.mx\/home\/index.php?rest_route=\/wp\/v2\/users\/2"}],"replies":[{"embeddable":true,"href":"https:\/\/icoinformativo.mx\/home\/index.php?rest_route=%2Fwp%2Fv2%2Fcomments&post=32674"}],"version-history":[{"count":2,"href":"https:\/\/icoinformativo.mx\/home\/index.php?rest_route=\/wp\/v2\/posts\/32674\/revisions"}],"predecessor-version":[{"id":32677,"href":"https:\/\/icoinformativo.mx\/home\/index.php?rest_route=\/wp\/v2\/posts\/32674\/revisions\/32677"}],"wp:featuredmedia":[{"embeddable":true,"href":"https:\/\/icoinformativo.mx\/home\/index.php?rest_route=\/wp\/v2\/media\/32675"}],"wp:attachment":[{"href":"https:\/\/icoinformativo.mx\/home\/index.php?rest_route=%2Fwp%2Fv2%2Fmedia&parent=32674"}],"wp:term":[{"taxonomy":"category","embeddable":true,"href":"https:\/\/icoinformativo.mx\/home\/index.php?rest_route=%2Fwp%2Fv2%2Fcategories&post=32674"},{"taxonomy":"post_tag","embeddable":true,"href":"https:\/\/icoinformativo.mx\/home\/index.php?rest_route=%2Fwp%2Fv2%2Ftags&post=32674"}],"curies":[{"name":"wp","href":"https:\/\/api.w.org\/{rel}","templated":true}]}}