{"id":32668,"date":"2025-05-22T03:27:33","date_gmt":"2025-05-22T03:27:33","guid":{"rendered":"https:\/\/icoinformativo.mx\/home\/?p=32668"},"modified":"2025-05-22T03:27:33","modified_gmt":"2025-05-22T03:27:33","slug":"titular-del-isstech-visita-casa-geriatrica-y-reitera-su-compromiso-con-personas-adultas-mayores","status":"publish","type":"post","link":"https:\/\/icoinformativo.mx\/home\/?p=32668","title":{"rendered":"Titular del Isstech visita Casa Geri\u00e1trica y reitera su compromiso con personas adultas mayores"},"content":{"rendered":"<p>&nbsp;<\/p>\n<p>\u2022 Fern\u00e1ndez Benavente realiz\u00f3 un recorrido por el lugar, adem\u00e1s de escuchar de primera mano las necesidades de las y los jubilados del Instituto<\/p>\n<p>&nbsp;<\/p>\n<p>Con el objetivo de verificar las instalaciones, as\u00ed como el funcionamiento de la Casa Geri\u00e1trica Tuxtla, la directora general del Instituto de Seguridad Social de los Trabajadores del Estado de Chiapas (Isstech), Mar\u00eda del Carmen Fern\u00e1ndez Benavente, realiz\u00f3 un recorrido por el lugar, adem\u00e1s de escuchar de primera mano las necesidades de las y los jubilados del Instituto.<\/p>\n<p>&nbsp;<\/p>\n<p>Acompa\u00f1ada por personal m\u00e9dico y administrativo de la Casa Geri\u00e1trica, la titular del Isstech reiter\u00f3 el compromiso del gobernador Eduardo Ram\u00edrez Aguilar de apoyar y contribuir al bienestar social de las y los jubilados y pensionados.<\/p>\n<p>&nbsp;<\/p>\n<p>\u201cUstedes son parte fundamental de la historia del servicio p\u00fablico en Chiapas. Su bienestar es una prioridad para este Instituto, por lo que seguiremos trabajando para brindarles espacios seguros y cuidados integrales, dignos y humanos\u201d, expres\u00f3.<\/p>\n<p>&nbsp;<\/p>\n<p>Asimismo, se\u00f1al\u00f3 que las y los adultos mayores son prioridad en esta Nueva ERA, por lo que el compromiso es claro y contundente: regresarles un poco de lo mucho que han aportado al servicio del estado.<\/p>\n<p>&nbsp;<\/p>\n<p>Con estas acciones, se busca fortalecer la atenci\u00f3n gerontol\u00f3gica y fomentar un trato humano en beneficio de la poblaci\u00f3n jubilada y pensionada.<\/p>\n","protected":false},"excerpt":{"rendered":"<p>&nbsp; \u2022 Fern\u00e1ndez Benavente realiz\u00f3 un recorrido por el lugar, adem\u00e1s de escuchar de primera&#8230;<\/p>\n","protected":false},"author":2,"featured_media":32669,"comment_status":"closed","ping_status":"closed","sticky":false,"template":"","format":"standard","meta":{"_joinchat":[],"footnotes":""},"categories":[18,1,2,3],"tags":[],"class_list":["post-32668","post","type-post","status-publish","format-standard","has-post-thumbnail","hentry","category-almomento","category-boletin","category-estado","category-health"],"_links":{"self":[{"href":"https:\/\/icoinformativo.mx\/home\/index.php?rest_route=\/wp\/v2\/posts\/32668","targetHints":{"allow":["GET"]}}],"collection":[{"href":"https:\/\/icoinformativo.mx\/home\/index.php?rest_route=\/wp\/v2\/posts"}],"about":[{"href":"https:\/\/icoinformativo.mx\/home\/index.php?rest_route=\/wp\/v2\/types\/post"}],"author":[{"embeddable":true,"href":"https:\/\/icoinformativo.mx\/home\/index.php?rest_route=\/wp\/v2\/users\/2"}],"replies":[{"embeddable":true,"href":"https:\/\/icoinformativo.mx\/home\/index.php?rest_route=%2Fwp%2Fv2%2Fcomments&post=32668"}],"version-history":[{"count":1,"href":"https:\/\/icoinformativo.mx\/home\/index.php?rest_route=\/wp\/v2\/posts\/32668\/revisions"}],"predecessor-version":[{"id":32670,"href":"https:\/\/icoinformativo.mx\/home\/index.php?rest_route=\/wp\/v2\/posts\/32668\/revisions\/32670"}],"wp:featuredmedia":[{"embeddable":true,"href":"https:\/\/icoinformativo.mx\/home\/index.php?rest_route=\/wp\/v2\/media\/32669"}],"wp:attachment":[{"href":"https:\/\/icoinformativo.mx\/home\/index.php?rest_route=%2Fwp%2Fv2%2Fmedia&parent=32668"}],"wp:term":[{"taxonomy":"category","embeddable":true,"href":"https:\/\/icoinformativo.mx\/home\/index.php?rest_route=%2Fwp%2Fv2%2Fcategories&post=32668"},{"taxonomy":"post_tag","embeddable":true,"href":"https:\/\/icoinformativo.mx\/home\/index.php?rest_route=%2Fwp%2Fv2%2Ftags&post=32668"}],"curies":[{"name":"wp","href":"https:\/\/api.w.org\/{rel}","templated":true}]}}