{"id":32665,"date":"2025-05-22T03:24:40","date_gmt":"2025-05-22T03:24:40","guid":{"rendered":"https:\/\/icoinformativo.mx\/home\/?p=32665"},"modified":"2025-05-22T03:24:40","modified_gmt":"2025-05-22T03:24:40","slug":"entrega-paco-chacon-apoyos-de-conecta-chiapas-a-estudiantes-de-chalchihuitan","status":"publish","type":"post","link":"https:\/\/icoinformativo.mx\/home\/?p=32665","title":{"rendered":"Entrega Paco Chac\u00f3n apoyos de Conecta Chiapas a estudiantes \u00a0de Chalchihuit\u00e1n"},"content":{"rendered":"<div id=\"m_toolbarLayer\" class=\"layer\"><\/div>\n<div id=\"m_textViewLayer\" class=\"layer\">\n<div id=\"m_content\">\n<div id=\"pc1\">\n<div id=\"p1\">\n<div><\/div>\n<ul>\n<li>\n<div>\u00b7 El gobernador Eduardo Ram\u00edrez cumple a las y los j\u00f3venes de este municipio,\u00a0asegur\u00f3 el secretario del Humanismo<\/div>\n<\/li>\n<\/ul>\n<div><\/div>\n<div>Con mucha emoci\u00f3n y esperanza, las y los j\u00f3venes de Chalchihuit\u00e1n recibieron una\u00a0herramienta poderosa para su educaci\u00f3n y desarrollo. En un acto encabezado por el titular\u00a0de la Secretar\u00eda del Humanismo, Francisco Chac\u00f3n, se entregaron equipos de telefon\u00eda\u00a0celular con conectividad gratuita a estudiantes del municipio, como parte del programa\u00a0Conecta Chiapas, impulsado por el gobernador Eduardo Ram\u00edrez.<\/div>\n<div><\/div>\n<div>\u201cSe cumple la palabra empe\u00f1ada por nuestro gobernador, asumida en el mes de abril\u00a0durante la Asamblea del Pueblo: llevar conectividad a las y los j\u00f3venes de Chalchihuit\u00e1n\u201d,\u00a0expres\u00f3 Francisco Chac\u00f3n durante el acto de entrega.<\/div>\n<div><\/div>\n<div>Desde la cabecera municipal, estudiantes de nivel preparatoria recibieron un equipo\u00a0telef\u00f3nico con acceso a Internet gratuito, una herramienta que no solo mejora sus\u00a0posibilidades de estudio, sino que tambi\u00e9n los conecta con nuevas oportunidades de\u00a0desarrollo personal y profesional. \u201cLa Nueva ERA le cumple a la juventud de Chiapas\u201d,\u00a0a\u00f1adi\u00f3.<\/div>\n<div><\/div>\n<div>Adem\u00e1s, en el ejido Chiquinshulum, del mismo municipio, tambi\u00e9n se benefici\u00f3 a\u00a0estudiantes del Colegio de Bachilleres de Chiapas (Cobach) con equipos con conectividad,\u00a0reafirmando el compromiso de llevar herramientas reales a quienes m\u00e1s las necesitan.<\/div>\n<div><\/div>\n<div>\u201cLa transformaci\u00f3n comienza cuando le damos herramientas reales a nuestra gente, y eso\u00a0es justamente lo que estamos haciendo con Conecta Chiapas: acercar la tecnolog\u00eda a\u00a0nuestros j\u00f3venes para que puedan aprender, crecer y avanzar\u201d, destac\u00f3 el secretario del\u00a0Humanismo.<\/div>\n<div><\/div>\n<div>Con estas acciones, el Gobierno de Chiapas reafirma su compromiso con una pol\u00edtica de\u00a0inclusi\u00f3n digital, justicia social y desarrollo equitativo, enfocada especialmente en las\u00a0comunidades m\u00e1s alejadas de los municipios prioritarios.<\/div>\n<div><\/div>\n<div>En la Nueva ERA, apostar por el futuro de nuestros j\u00f3venes es nuestra prioridad. Por eso, les\u00a0decimos con firmeza: \u201cEstudien, prep\u00e1rense, porque Chiapas necesita y reconoce a su\u00a0juventud talentosa. Ustedes son el motor de la transformaci\u00f3n\u201d, concluy\u00f3.<\/div>\n<\/div>\n<hr class=\"pageHrV2\" \/>\n<\/div>\n<\/div>\n<\/div>\n","protected":false},"excerpt":{"rendered":"<p>\u00b7 El gobernador Eduardo Ram\u00edrez cumple a las y los j\u00f3venes de este municipio,\u00a0asegur\u00f3 el&#8230;<\/p>\n","protected":false},"author":2,"featured_media":32666,"comment_status":"closed","ping_status":"closed","sticky":false,"template":"","format":"standard","meta":{"_joinchat":[],"footnotes":""},"categories":[18,1,2,3],"tags":[],"class_list":["post-32665","post","type-post","status-publish","format-standard","has-post-thumbnail","hentry","category-almomento","category-boletin","category-estado","category-health"],"_links":{"self":[{"href":"https:\/\/icoinformativo.mx\/home\/index.php?rest_route=\/wp\/v2\/posts\/32665","targetHints":{"allow":["GET"]}}],"collection":[{"href":"https:\/\/icoinformativo.mx\/home\/index.php?rest_route=\/wp\/v2\/posts"}],"about":[{"href":"https:\/\/icoinformativo.mx\/home\/index.php?rest_route=\/wp\/v2\/types\/post"}],"author":[{"embeddable":true,"href":"https:\/\/icoinformativo.mx\/home\/index.php?rest_route=\/wp\/v2\/users\/2"}],"replies":[{"embeddable":true,"href":"https:\/\/icoinformativo.mx\/home\/index.php?rest_route=%2Fwp%2Fv2%2Fcomments&post=32665"}],"version-history":[{"count":1,"href":"https:\/\/icoinformativo.mx\/home\/index.php?rest_route=\/wp\/v2\/posts\/32665\/revisions"}],"predecessor-version":[{"id":32667,"href":"https:\/\/icoinformativo.mx\/home\/index.php?rest_route=\/wp\/v2\/posts\/32665\/revisions\/32667"}],"wp:featuredmedia":[{"embeddable":true,"href":"https:\/\/icoinformativo.mx\/home\/index.php?rest_route=\/wp\/v2\/media\/32666"}],"wp:attachment":[{"href":"https:\/\/icoinformativo.mx\/home\/index.php?rest_route=%2Fwp%2Fv2%2Fmedia&parent=32665"}],"wp:term":[{"taxonomy":"category","embeddable":true,"href":"https:\/\/icoinformativo.mx\/home\/index.php?rest_route=%2Fwp%2Fv2%2Fcategories&post=32665"},{"taxonomy":"post_tag","embeddable":true,"href":"https:\/\/icoinformativo.mx\/home\/index.php?rest_route=%2Fwp%2Fv2%2Ftags&post=32665"}],"curies":[{"name":"wp","href":"https:\/\/api.w.org\/{rel}","templated":true}]}}