{"id":32662,"date":"2025-05-22T03:20:14","date_gmt":"2025-05-22T03:20:14","guid":{"rendered":"https:\/\/icoinformativo.mx\/home\/?p=32662"},"modified":"2025-05-22T03:20:14","modified_gmt":"2025-05-22T03:20:14","slug":"estudiantes-del-cecyt-22-ricardo-flores-magon-refuerzan-su-compromiso-con-el-medio-ambiente","status":"publish","type":"post","link":"https:\/\/icoinformativo.mx\/home\/?p=32662","title":{"rendered":"Estudiantes del CECyT 22 Ricardo Flores Mag\u00f3n refuerzan su compromiso con el medio ambiente"},"content":{"rendered":"<p>M\u00e1s de 70 integrantes de la comunidad escolar participaron en una jornada de limpieza dentro y fuera del plantel, promoviendo la conciencia ambiental y el trabajo en equipo como parte de su formaci\u00f3n integral<\/p>\n<p>&nbsp;<\/p>\n<p>Venustiano Carranza, Chiapas.\u2013 Con el firme prop\u00f3sito de fomentar el cuidado del entorno, el trabajo en equipo y la participaci\u00f3n activa de su comunidad escolar, el Colegio de Estudios Cient\u00edficos y Tecnol\u00f3gicos del Estado de Chiapas (Cecytech) Plantel 22, Ricardo Flores Mag\u00f3n, llev\u00f3 a cabo una jornada de limpieza dentro y fuera de sus instalaciones.<\/p>\n<p>&nbsp;<\/p>\n<p>Se cont\u00f3 con la participaron de m\u00e1s de 70 personas entre estudiantes, docentes y personal administrativo, reafirmando as\u00ed su compromiso con la responsabilidad ambiental y el fortalecimiento del sentido comunitario.<\/p>\n<p>&nbsp;<\/p>\n<p>El director del Plantel, Te\u00f3filo Esteban \u00c1lvarez, destac\u00f3 que estas jornadas no solo contribuyen a mejorar el entorno f\u00edsico, sino que tambi\u00e9n generan un impacto positivo en la conciencia colectiva.<\/p>\n<p>&nbsp;<\/p>\n<p>\u201cEstas actividades ayudan a formar ciudadanos responsables y conscientes del impacto de sus acciones\u201d, expres\u00f3.<\/p>\n<p>&nbsp;<\/p>\n<p>Agradeci\u00f3 el respaldo del director general del Cecytech, Luis Guadalupe Morales \u00c1ngeles, se\u00f1alando que su liderazgo y el impulso de pol\u00edticas educativas integrales han hecho posible la realizaci\u00f3n de iniciativas como \u00e9sta.<\/p>\n<p>&nbsp;<\/p>\n<p>Asimismo, reconoci\u00f3 al personal docente por su compromiso con una educaci\u00f3n integral, destacando su papel clave en la implementaci\u00f3n de la Nueva Escuela Mexicana como agentes formadores, promotores de inclusi\u00f3n, equidad y mejora continua.<\/p>\n<p>&nbsp;<\/p>\n<p>El Cecytech reafirma su compromiso con la formaci\u00f3n de j\u00f3venes conscientes, comprometidos y participativos, mediante la promoci\u00f3n de actividades que fortalezcan su desarrollo personal, social y acad\u00e9mico.<\/p>\n","protected":false},"excerpt":{"rendered":"<p>M\u00e1s de 70 integrantes de la comunidad escolar participaron en una jornada de limpieza dentro&#8230;<\/p>\n","protected":false},"author":2,"featured_media":32663,"comment_status":"closed","ping_status":"closed","sticky":false,"template":"","format":"standard","meta":{"_joinchat":[],"footnotes":""},"categories":[18,1,2,3],"tags":[],"class_list":["post-32662","post","type-post","status-publish","format-standard","has-post-thumbnail","hentry","category-almomento","category-boletin","category-estado","category-health"],"_links":{"self":[{"href":"https:\/\/icoinformativo.mx\/home\/index.php?rest_route=\/wp\/v2\/posts\/32662","targetHints":{"allow":["GET"]}}],"collection":[{"href":"https:\/\/icoinformativo.mx\/home\/index.php?rest_route=\/wp\/v2\/posts"}],"about":[{"href":"https:\/\/icoinformativo.mx\/home\/index.php?rest_route=\/wp\/v2\/types\/post"}],"author":[{"embeddable":true,"href":"https:\/\/icoinformativo.mx\/home\/index.php?rest_route=\/wp\/v2\/users\/2"}],"replies":[{"embeddable":true,"href":"https:\/\/icoinformativo.mx\/home\/index.php?rest_route=%2Fwp%2Fv2%2Fcomments&post=32662"}],"version-history":[{"count":1,"href":"https:\/\/icoinformativo.mx\/home\/index.php?rest_route=\/wp\/v2\/posts\/32662\/revisions"}],"predecessor-version":[{"id":32664,"href":"https:\/\/icoinformativo.mx\/home\/index.php?rest_route=\/wp\/v2\/posts\/32662\/revisions\/32664"}],"wp:featuredmedia":[{"embeddable":true,"href":"https:\/\/icoinformativo.mx\/home\/index.php?rest_route=\/wp\/v2\/media\/32663"}],"wp:attachment":[{"href":"https:\/\/icoinformativo.mx\/home\/index.php?rest_route=%2Fwp%2Fv2%2Fmedia&parent=32662"}],"wp:term":[{"taxonomy":"category","embeddable":true,"href":"https:\/\/icoinformativo.mx\/home\/index.php?rest_route=%2Fwp%2Fv2%2Fcategories&post=32662"},{"taxonomy":"post_tag","embeddable":true,"href":"https:\/\/icoinformativo.mx\/home\/index.php?rest_route=%2Fwp%2Fv2%2Ftags&post=32662"}],"curies":[{"name":"wp","href":"https:\/\/api.w.org\/{rel}","templated":true}]}}