{"id":32656,"date":"2025-05-22T03:14:23","date_gmt":"2025-05-22T03:14:23","guid":{"rendered":"https:\/\/icoinformativo.mx\/home\/?p=32656"},"modified":"2025-05-22T03:14:23","modified_gmt":"2025-05-22T03:14:23","slug":"se-suma-el-sector-de-la-construccion-a-la-alfabetizacion-de-chiapas","status":"publish","type":"post","link":"https:\/\/icoinformativo.mx\/home\/?p=32656","title":{"rendered":"Se suma el sector de la construcci\u00f3n a la Alfabetizaci\u00f3n de Chiapas\u00a0"},"content":{"rendered":"<p>&nbsp;<\/p>\n<p>Tuxtla Guti\u00e9rrez, Chiapas \u2013 En un acto que reafirma el compromiso interinstitucional por abatir el analfabetismo y el rezago educativo en el estado, el Instituto Chiapaneco de Educaci\u00f3n para J\u00f3venes y Adultos (Icheja) y la C\u00e1mara Mexicana de la Industria de la Construcci\u00f3n (CMIC) Delegaci\u00f3n Chiapas, firmaron un convenio de colaboraci\u00f3n en el marco del programa de alfabetizaci\u00f3n Chiapas Puede.<\/p>\n<p>&nbsp;<\/p>\n<p>El acuerdo fue signado por el director general del Icheja, Sergio David Molina G\u00f3mez, el presidente de la CMIC Chiapas, Rogelio Tamayo Carboney, y el secretario de Educaci\u00f3n en el estado, Roger Adri\u00e1n Mandujano Ayala, quien fungi\u00f3 como testigo de honor.<\/p>\n<p>&nbsp;<\/p>\n<p>Con este convenio la CMIC Chiapas se compromete a incorporar a todo su personal que labora en las diferentes obras distribuidas a lo largo del estado, con el objetivo de acceder a los servicios educativos que ofrece el Icheja, pero tambi\u00e9n a sumarse como voluntarios en las tareas de promoci\u00f3n, identificaci\u00f3n y alfabetizaci\u00f3n de todas aquellas personas que a\u00fan no saben leer ni escribir.<\/p>\n<p>&nbsp;<\/p>\n<p>Durante su intervenci\u00f3n, el titular del Icheja celebr\u00f3 este acuerdo y destac\u00f3 que esta alianza estrat\u00e9gica representa un paso fundamental para acercar la educaci\u00f3n a sectores tradicionalmente marginados. Asimismo, reconoci\u00f3 el compromiso social de la CMIC Chiapas por sumarse activamente al combate del rezago educativo.<\/p>\n<p>&nbsp;<\/p>\n<p>Por su parte, el presidente de la CMIC expres\u00f3 que la educaci\u00f3n es una herramienta clave para el desarrollo humano y profesional de sus trabajadores, por lo que esta colaboraci\u00f3n con el Icheja permitir\u00e1 brindar nuevas oportunidades de crecimiento a quienes forman parte del sector.<\/p>\n<p>&nbsp;<\/p>\n<p>En tanto, Mandujano Ayala felicit\u00f3 a la CMIC Chiapas y agradeci\u00f3 por sumarse a este importante programa y a esa columna vertebral de Chiapas Puede, como otros sectores que ya forman parte de ese cap\u00edtulo estelar de la historia de Chiapas.<\/p>\n<p>&nbsp;<\/p>\n<p>Finalmente, pidi\u00f3 llevar este mensaje de transformaci\u00f3n social a todos sus agremiados y trabajadores de la construcci\u00f3n con el objetivo de identificar, vincular y acercar la educaci\u00f3n a todas las comunidades del estado.<\/p>\n<p>&nbsp;<\/p>\n<p>Con acciones como esta, Chiapas demuestra que s\u00ed puede avanzar hacia un futuro sin analfabetismo y con educaci\u00f3n para todas y todos.<\/p>\n","protected":false},"excerpt":{"rendered":"<p>&nbsp; Tuxtla Guti\u00e9rrez, Chiapas \u2013 En un acto que reafirma el compromiso interinstitucional por abatir&#8230;<\/p>\n","protected":false},"author":2,"featured_media":32657,"comment_status":"closed","ping_status":"closed","sticky":false,"template":"","format":"standard","meta":{"_joinchat":[],"footnotes":""},"categories":[18,1,2,3],"tags":[],"class_list":["post-32656","post","type-post","status-publish","format-standard","has-post-thumbnail","hentry","category-almomento","category-boletin","category-estado","category-health"],"_links":{"self":[{"href":"https:\/\/icoinformativo.mx\/home\/index.php?rest_route=\/wp\/v2\/posts\/32656","targetHints":{"allow":["GET"]}}],"collection":[{"href":"https:\/\/icoinformativo.mx\/home\/index.php?rest_route=\/wp\/v2\/posts"}],"about":[{"href":"https:\/\/icoinformativo.mx\/home\/index.php?rest_route=\/wp\/v2\/types\/post"}],"author":[{"embeddable":true,"href":"https:\/\/icoinformativo.mx\/home\/index.php?rest_route=\/wp\/v2\/users\/2"}],"replies":[{"embeddable":true,"href":"https:\/\/icoinformativo.mx\/home\/index.php?rest_route=%2Fwp%2Fv2%2Fcomments&post=32656"}],"version-history":[{"count":1,"href":"https:\/\/icoinformativo.mx\/home\/index.php?rest_route=\/wp\/v2\/posts\/32656\/revisions"}],"predecessor-version":[{"id":32658,"href":"https:\/\/icoinformativo.mx\/home\/index.php?rest_route=\/wp\/v2\/posts\/32656\/revisions\/32658"}],"wp:featuredmedia":[{"embeddable":true,"href":"https:\/\/icoinformativo.mx\/home\/index.php?rest_route=\/wp\/v2\/media\/32657"}],"wp:attachment":[{"href":"https:\/\/icoinformativo.mx\/home\/index.php?rest_route=%2Fwp%2Fv2%2Fmedia&parent=32656"}],"wp:term":[{"taxonomy":"category","embeddable":true,"href":"https:\/\/icoinformativo.mx\/home\/index.php?rest_route=%2Fwp%2Fv2%2Fcategories&post=32656"},{"taxonomy":"post_tag","embeddable":true,"href":"https:\/\/icoinformativo.mx\/home\/index.php?rest_route=%2Fwp%2Fv2%2Ftags&post=32656"}],"curies":[{"name":"wp","href":"https:\/\/api.w.org\/{rel}","templated":true}]}}