{"id":32653,"date":"2025-05-22T03:09:59","date_gmt":"2025-05-22T03:09:59","guid":{"rendered":"https:\/\/icoinformativo.mx\/home\/?p=32653"},"modified":"2025-05-22T03:09:59","modified_gmt":"2025-05-22T03:09:59","slug":"presidenta-claudia-sheinbaum-destaca-inicio-de-construccion-de-los-trenes-a-pachuca-queretaro-y-via-de-carga-del-tren-maya-en-los-primeros-siete-meses-de-su-gobierno","status":"publish","type":"post","link":"https:\/\/icoinformativo.mx\/home\/?p=32653","title":{"rendered":"Presidenta Claudia Sheinbaum destaca inicio de construcci\u00f3n de los trenes a Pachuca,\u00a0Quer\u00e9taro y v\u00eda de carga del Tren Maya en los primeros siete meses de su Gobierno"},"content":{"rendered":"<div id=\"m_toolbarLayer\" class=\"layer\"><\/div>\n<div id=\"m_textViewLayer\" class=\"layer\">\n<div id=\"m_content\">\n<div id=\"pc1\">\n<div id=\"p1\">\n<div><\/div>\n<div>* \u201dNosotros trabajamos todos los d\u00edas para impulsar la inversi\u00f3n p\u00fablica y la inversi\u00f3n\u00a0privada\u201d, destac\u00f3<\/div>\n<div>* Ingenieros militares realizan las obras de los trenes AIFA-Pachuca con 10 mil 300\u00a0trabajadores, y CDMX-Quer\u00e9taro con mil 600 trabajadores, adem\u00e1s construyen cuatro\u00a0terminales multimodales de la v\u00eda de carga del Tren Maya<\/div>\n<div>* El 19 de mayo se public\u00f3 la licitaci\u00f3n del primer segmento del tramo Quer\u00e9taro-Irapuato\u00a0y el 20 de mayo del tramo Saltillo-Nuevo Laredo: SICT<\/div>\n<div><\/div>\n<div>Ciudad de M\u00e9xico, 21 de mayo de 2025.- La Presidenta Claudia Sheinbaum Pardo destac\u00f3\u00a0que a siete meses de su gobierno la inversi\u00f3n p\u00fablica se ha traducido en obras como las\u00a0nuevas rutas de trenes de pasajeros AIFA-Pachuca, Ciudad de M\u00e9xico-Quer\u00e9taro, as\u00ed como\u00a0la v\u00eda de carga del Tren Maya, cuya construcci\u00f3n est\u00e1n a cargo del agrupamiento de\u00a0ingenieros militares \u201cFelipe \u00c1ngeles\u00bb de la Secretar\u00eda de la Defensa Nacional. Mientras que\u00a0los tramos Quer\u00e9taro-Irapuato y Saltillo-Nuevo Laredo ya fueron licitados.<\/div>\n<div><\/div>\n<div>\u201cNo llevamos ni 7 meses en el gobierno y ya se est\u00e1n construyendo dos l\u00edneas de tren: a\u00a0Pachuca, a Quer\u00e9taro. Se est\u00e1n terminando los detalles del Tren Maya, sobre todo\u00a0relacionado con los sitios arqueol\u00f3gicos y una parte de la catenaria que se est\u00e1 terminando.\u00a0Y al mismo tiempo, ya se est\u00e1 construyendo el Tren Maya de carga, se est\u00e1 yendo hacia\u00a0Progreso\u201d, destac\u00f3 en la conferencia matutina: \u201cLas ma\u00f1aneras del pueblo\u201d.<\/div>\n<div><\/div>\n<\/div>\n<hr class=\"pageHrV2\" \/>\n<\/div>\n<div id=\"pc2\">\n<div class=\"pageNumV2\">2 \/ 3<\/div>\n<div id=\"p2\">\n<div>Puntualiz\u00f3 que, adem\u00e1s, est\u00e1n en marcha obras de infraestructura que iniciaron en la\u00a0administraci\u00f3n del expresidente Andr\u00e9s Manuel L\u00f3pez Obrador, as\u00ed como la construcci\u00f3n\u00a0de las L\u00edneas K a Ciudad Hidalgo, Chiapas y FA a Para\u00edso, Tabasco, del Tren Interoce\u00e1nico a\u00a0cargo de la Secretar\u00eda de Marina. Adem\u00e1s de carreteras, plantas de generaci\u00f3n el\u00e9ctrica,\u00a0hospitales del Instituto Mexicano del Seguro Social (IMSS) y obras hidr\u00e1ulicas que est\u00e1n\u00a0pr\u00f3ximas a iniciarse. \u00a0As\u00ed como el fortalecimiento de los Programas para el Bienestar, y la\u00a0continuidad de la pol\u00edtica salarial de la Cuarta Transformaci\u00f3n con el incremento del 12.5\u00a0por ciento este a\u00f1o.<\/div>\n<div><\/div>\n<div>\u201cNosotros no hemos parado de trabajar y vamos a seguir trabajando, impulsando la\u00a0econom\u00eda de nuestro pa\u00eds desde abajo, que es la visi\u00f3n que tenemos en la Cuarta\u00a0Transformaci\u00f3n. Lo que pasa es que antes se esperaban a qu\u00e9 hac\u00eda en el mercado; nosotros\u00a0no, nosotros trabajamos todos los d\u00edas para impulsar la inversi\u00f3n p\u00fablica y la inversi\u00f3n\u00a0privada\u201d, agreg\u00f3.<\/div>\n<div><\/div>\n<div>El comandante del Agrupamiento de Ingenieros \u00abFelipe \u00c1ngeles\u00bb de la Secretar\u00eda de la\u00a0Defensa Nacional, Gustavo Ricardo Vallejo Su\u00e1rez, detall\u00f3 que el tren AIFA-Pachuca tendr\u00e1\u00a057 kil\u00f3metros (km) de v\u00eda doble y los trabajos se realizan en 10 frentes de construcci\u00f3n con\u00a010 mil 300 trabajadores que actualmente se encargan de retirar rieles y durmientes, hacen\u00a0limpieza para construir las plataformas donde ir\u00e1n las v\u00edas y perforan para hacer los\u00a0cimientos de los viaductos elevados.<\/div>\n<div><\/div>\n<div>En el caso del tren Ciudad de M\u00e9xico\u2013Quer\u00e9taro, que consiste en 226 km de v\u00eda doble,\u00a0precis\u00f3 que actualmente hay 10 frentes de trabajo con mil 600 trabajadores que realizan\u00a0labores de despalme y cortes para iniciar la construcci\u00f3n de plataforma de v\u00eda sobre el\u00a0derecho de v\u00eda existente y un muestreo de materiales para verificar su normatividad\u00a0ambiental, t\u00e9cnica y calidad. Adem\u00e1s, se colabora con Petr\u00f3leos Mexicanos (Pemex), el\u00a0Centro Nacional de Control del Gas Natural (Cenagas), la Comisi\u00f3n Federal de Electricidad\u00a0(CFE) para identificar obras subterr\u00e1neas en la zona, mientras que se tiene un 76 por ciento\u00a0de avance en la prospecci\u00f3n arqueol\u00f3gica.<\/div>\n<div><\/div>\n<div>Explic\u00f3 que en el caso del tren Quer\u00e9taro-Irapuato, que tiene una longitud de 108 km, el\u00a0agrupamiento de ingenieros militares tiene un 70 por ciento de avance en la ingenier\u00eda\u00a0b\u00e1sica, y en el tren Saltillo- Nuevo Laredo que consta de 398 km, la ingenier\u00eda b\u00e1sica est\u00e1 al\u00a096 por ciento, ambos trabajos se entregar\u00e1n a la Secretar\u00eda de Infraestructura,\u00a0Comunicaciones y Transportes (SICT) el pr\u00f3ximo 30 de junio. Inform\u00f3 que ya trabajan en la<\/div>\n<\/div>\n<hr class=\"pageHrV2\" \/>\n<\/div>\n<div id=\"pc3\">\n<div class=\"pageNumV2\">3 \/ 3<\/div>\n<div id=\"p3\">\n<div>construcci\u00f3n de las terminales Palenque, Poxil\u00e1, Progreso y Canc\u00fan de la v\u00eda de carga del\u00a0Tren Maya.<\/div>\n<div><\/div>\n<div>El director general de la Agencia Reguladora de Transporte Ferroviario (ARTF) de la SICT,\u00a0Andr\u00e9s Lajous Loaeza, detall\u00f3 que el 19 de mayo se public\u00f3 en ComprasMx la convocatoria\u00a0de licitaci\u00f3n del segmento Apaseo el Grande a Quer\u00e9taro del tren Quer\u00e9taro-Irapuato, que\u00a0tendr\u00e1 una demanda de 4 millones de viajes anuales y estaciones en Quer\u00e9taro, Apaseo el\u00a0Grande, Celaya, una entre Villagr\u00e1n y Cort\u00e1zar, Salamanca e Irapuato. Mientras que la\u00a0licitaci\u00f3n para el segmento Uni\u00f3n San Javier a Arroyo El Sauz del tren Saltillo-Nuevo Laredo\u00a0se lanz\u00f3 el 20 de mayo, cuya demanda se estima en 5.5 millones de viajes anuales y sus\u00a0estaciones estar\u00e1n en Derramadero, Saltillo, Ramos Arizpe, Garc\u00eda, Santa Catarina,\u00a0Monterrey, Escobedo, Bustamante, An\u00e1huac y Nuevo Laredo. Los fallos de ambas\u00a0licitaciones se dar\u00e1n en la cuarta semana de julio de este a\u00f1o.<\/div>\n<\/div>\n<hr class=\"pageHrV2\" \/>\n<\/div>\n<\/div>\n<\/div>\n","protected":false},"excerpt":{"rendered":"<p>* \u201dNosotros trabajamos todos los d\u00edas para impulsar la inversi\u00f3n p\u00fablica y la inversi\u00f3n\u00a0privada\u201d, destac\u00f3&#8230;<\/p>\n","protected":false},"author":2,"featured_media":32654,"comment_status":"closed","ping_status":"closed","sticky":false,"template":"","format":"standard","meta":{"_joinchat":[],"footnotes":""},"categories":[18,1,2,3],"tags":[],"class_list":["post-32653","post","type-post","status-publish","format-standard","has-post-thumbnail","hentry","category-almomento","category-boletin","category-estado","category-health"],"_links":{"self":[{"href":"https:\/\/icoinformativo.mx\/home\/index.php?rest_route=\/wp\/v2\/posts\/32653","targetHints":{"allow":["GET"]}}],"collection":[{"href":"https:\/\/icoinformativo.mx\/home\/index.php?rest_route=\/wp\/v2\/posts"}],"about":[{"href":"https:\/\/icoinformativo.mx\/home\/index.php?rest_route=\/wp\/v2\/types\/post"}],"author":[{"embeddable":true,"href":"https:\/\/icoinformativo.mx\/home\/index.php?rest_route=\/wp\/v2\/users\/2"}],"replies":[{"embeddable":true,"href":"https:\/\/icoinformativo.mx\/home\/index.php?rest_route=%2Fwp%2Fv2%2Fcomments&post=32653"}],"version-history":[{"count":1,"href":"https:\/\/icoinformativo.mx\/home\/index.php?rest_route=\/wp\/v2\/posts\/32653\/revisions"}],"predecessor-version":[{"id":32655,"href":"https:\/\/icoinformativo.mx\/home\/index.php?rest_route=\/wp\/v2\/posts\/32653\/revisions\/32655"}],"wp:featuredmedia":[{"embeddable":true,"href":"https:\/\/icoinformativo.mx\/home\/index.php?rest_route=\/wp\/v2\/media\/32654"}],"wp:attachment":[{"href":"https:\/\/icoinformativo.mx\/home\/index.php?rest_route=%2Fwp%2Fv2%2Fmedia&parent=32653"}],"wp:term":[{"taxonomy":"category","embeddable":true,"href":"https:\/\/icoinformativo.mx\/home\/index.php?rest_route=%2Fwp%2Fv2%2Fcategories&post=32653"},{"taxonomy":"post_tag","embeddable":true,"href":"https:\/\/icoinformativo.mx\/home\/index.php?rest_route=%2Fwp%2Fv2%2Ftags&post=32653"}],"curies":[{"name":"wp","href":"https:\/\/api.w.org\/{rel}","templated":true}]}}