{"id":32648,"date":"2025-05-21T04:15:38","date_gmt":"2025-05-21T04:15:38","guid":{"rendered":"https:\/\/icoinformativo.mx\/home\/?p=32648"},"modified":"2025-05-21T04:15:38","modified_gmt":"2025-05-21T04:15:38","slug":"el-presidente-municipal-majin-aguilar-utrilla-da-banderazo-de-inicio-a-la-obra-de-ampliacion-de-la-red-de-energia-electrica-en-el-barrio-palo-amarillo","status":"publish","type":"post","link":"https:\/\/icoinformativo.mx\/home\/?p=32648","title":{"rendered":"El Presidente Municipal Majin Aguilar Utrilla da banderazo de inicio a la obra de ampliaci\u00f3n de la red de energ\u00eda el\u00e9ctrica en el Barrio Palo Amarillo"},"content":{"rendered":"<p>&nbsp;<\/p>\n<p>El Presidente Municipal, amigo del pueblo, Majin Aguilar Utrilla, encabez\u00f3 el banderazo de inicio de la obra de ampliaci\u00f3n de la red de energ\u00eda el\u00e9ctrica en el Barrio Palo Amarillo, una acci\u00f3n que refleja el compromiso del H. Ayuntamiento Municipal de Amat\u00e1n con el desarrollo y bienestar de la gente.<\/p>\n<p>Con esta importante obra, se beneficiar\u00e1 directamente a las familias del Barrio Palo Amarillo, mejorando significativamente su calidad de vida mediante el acceso al servicio de energ\u00eda el\u00e9ctrica, un derecho b\u00e1sico y una herramienta fundamental para el progreso.<\/p>\n<p>El Gobierno Municipal reafirma su convicci\u00f3n de gobernar con sensibilidad social, escuchando a la ciudadan\u00eda y respondiendo con acciones concretas que transforman realidades.<\/p>\n<p>\u00a1Unidos por una Nueva ERA!<\/p>\n<p>#AyuntamientoDeAmat\u00e1n<br \/>\n#Transformaci\u00f3nProgresista<br \/>\n#Transformaci\u00f3nHumanista<br \/>\n#GobiernoDelPueblo<\/p>\n","protected":false},"excerpt":{"rendered":"<p>&nbsp; El Presidente Municipal, amigo del pueblo, Majin Aguilar Utrilla, encabez\u00f3 el banderazo de inicio&#8230;<\/p>\n","protected":false},"author":2,"featured_media":32649,"comment_status":"closed","ping_status":"closed","sticky":false,"template":"","format":"standard","meta":{"_joinchat":[],"footnotes":""},"categories":[18,1,2,3],"tags":[],"class_list":["post-32648","post","type-post","status-publish","format-standard","has-post-thumbnail","hentry","category-almomento","category-boletin","category-estado","category-health"],"_links":{"self":[{"href":"https:\/\/icoinformativo.mx\/home\/index.php?rest_route=\/wp\/v2\/posts\/32648","targetHints":{"allow":["GET"]}}],"collection":[{"href":"https:\/\/icoinformativo.mx\/home\/index.php?rest_route=\/wp\/v2\/posts"}],"about":[{"href":"https:\/\/icoinformativo.mx\/home\/index.php?rest_route=\/wp\/v2\/types\/post"}],"author":[{"embeddable":true,"href":"https:\/\/icoinformativo.mx\/home\/index.php?rest_route=\/wp\/v2\/users\/2"}],"replies":[{"embeddable":true,"href":"https:\/\/icoinformativo.mx\/home\/index.php?rest_route=%2Fwp%2Fv2%2Fcomments&post=32648"}],"version-history":[{"count":1,"href":"https:\/\/icoinformativo.mx\/home\/index.php?rest_route=\/wp\/v2\/posts\/32648\/revisions"}],"predecessor-version":[{"id":32650,"href":"https:\/\/icoinformativo.mx\/home\/index.php?rest_route=\/wp\/v2\/posts\/32648\/revisions\/32650"}],"wp:featuredmedia":[{"embeddable":true,"href":"https:\/\/icoinformativo.mx\/home\/index.php?rest_route=\/wp\/v2\/media\/32649"}],"wp:attachment":[{"href":"https:\/\/icoinformativo.mx\/home\/index.php?rest_route=%2Fwp%2Fv2%2Fmedia&parent=32648"}],"wp:term":[{"taxonomy":"category","embeddable":true,"href":"https:\/\/icoinformativo.mx\/home\/index.php?rest_route=%2Fwp%2Fv2%2Fcategories&post=32648"},{"taxonomy":"post_tag","embeddable":true,"href":"https:\/\/icoinformativo.mx\/home\/index.php?rest_route=%2Fwp%2Fv2%2Ftags&post=32648"}],"curies":[{"name":"wp","href":"https:\/\/api.w.org\/{rel}","templated":true}]}}