{"id":32645,"date":"2025-05-21T04:13:28","date_gmt":"2025-05-21T04:13:28","guid":{"rendered":"https:\/\/icoinformativo.mx\/home\/?p=32645"},"modified":"2025-05-21T04:13:28","modified_gmt":"2025-05-21T04:13:28","slug":"andres-carballo-cordova-asiste-a-la-reunion-del-consejo-regional-de-proteccion-civil","status":"publish","type":"post","link":"https:\/\/icoinformativo.mx\/home\/?p=32645","title":{"rendered":"Andr\u00e9s Carballo C\u00f3rdova asiste a la reuni\u00f3n del Consejo Regional de Protecci\u00f3n Civil"},"content":{"rendered":"<p>El presidente municipal de Pichucalco, Andr\u00e9s Carballo C\u00f3rdova, particip\u00f3 activamente en el Consejo Regional para la Temporada de Lluvias y Ciclones Tropicales 2025, encabezado por el secretario de Protecci\u00f3n Civil del Estado, Lic. Mauricio Cordero Rodr\u00edguez.<\/p>\n<p>&nbsp;<\/p>\n<p>Como presidente anfitri\u00f3n del evento, Andr\u00e9s Carballo C\u00f3rdova dio la bienvenida a los asistentes y agradeci\u00f3 la presencia de cada participante, as\u00ed como del secretario de Protecci\u00f3n Civil del Estado. Durante su intervenci\u00f3n, destac\u00f3 la importancia del trabajo conjunto para obtener mejores resultados en la atenci\u00f3n de las personas y comunidades, reiterando el compromiso de su gobierno con la prevenci\u00f3n y protecci\u00f3n ciudadana. Adem\u00e1s, hizo un llamado a mantenerse alerta ante los fen\u00f3menos naturales que puedan presentarse en esta temporada.<\/p>\n<p>&nbsp;<\/p>\n<p>En el evento se present\u00f3 la estrategia regional para la reducci\u00f3n de riesgos ante la temporada de lluvias y ciclones tropicales. Esta estrategia se enfoca en el fortalecimiento del trabajo coordinado entre los sectores p\u00fablico, social y privado, la prevenci\u00f3n mediante la difusi\u00f3n de informaci\u00f3n, la capacitaci\u00f3n los comit\u00e9s humanistas y elementos de protecci\u00f3n civil, as\u00ed como la inversi\u00f3n en infraestructura y la respuesta efectiva ante emergencias o desastres.<\/p>\n<p>&nbsp;<\/p>\n<p>Entre los asistentes se encontraron el Lic. Octavio Toledo Clausse, Coordinador de Supervisi\u00f3n y Evaluaci\u00f3n Regional; el Lic. Francisco Jos\u00e9 Velazco Cantoral, Delegado Regional de Protecci\u00f3n Civil; el Lic. Francisco \u00c1lvarez Sanen, Subsecretario de Gobierno y Mediaci\u00f3n, adem\u00e1s de representantes de los \u00e1mbitos federal y estatal, as\u00ed como presidentes municipales y secretarios municipales de protecci\u00f3n civil de la regi\u00f3n norte del estado.<\/p>\n<p>&nbsp;<\/p>\n<p>Durante su intervenci\u00f3n, el secretario de Protecci\u00f3n Civil subray\u00f3 que \u00abla protecci\u00f3n civil no se improvisa, se planea, se coordina y, sobre todo, se previene\u00bb, exhortando a los presidentes municipales a promover acciones de prevenci\u00f3n en colaboraci\u00f3n con sus comunidades. Tambi\u00e9n enfatiz\u00f3 la importancia de involucrar a los comit\u00e9s humanistas, dialogar con autoridades ejidales y fomentar la participaci\u00f3n ciudadana, pues la protecci\u00f3n civil es m\u00e1s efectiva cuando surge del trabajo conjunto entre gobierno y sociedad.<\/p>\n<p>&nbsp;<\/p>\n<p>El evento concluy\u00f3 con un llamado a la acci\u00f3n: trabajar juntos, coordinados y con anticipaci\u00f3n, fortaleciendo la seguridad y la resiliencia comunitaria. Con su presencia y participaci\u00f3n, el presidente municipal Andr\u00e9s Carballo C\u00f3rdova reafirm\u00f3 su compromiso con el bienestar y la integridad de los habitantes de Pichucalco.<\/p>\n","protected":false},"excerpt":{"rendered":"<p>El presidente municipal de Pichucalco, Andr\u00e9s Carballo C\u00f3rdova, particip\u00f3 activamente en el Consejo Regional para&#8230;<\/p>\n","protected":false},"author":2,"featured_media":32646,"comment_status":"closed","ping_status":"closed","sticky":false,"template":"","format":"standard","meta":{"_joinchat":[],"footnotes":""},"categories":[18,1,2,3],"tags":[],"class_list":["post-32645","post","type-post","status-publish","format-standard","has-post-thumbnail","hentry","category-almomento","category-boletin","category-estado","category-health"],"_links":{"self":[{"href":"https:\/\/icoinformativo.mx\/home\/index.php?rest_route=\/wp\/v2\/posts\/32645","targetHints":{"allow":["GET"]}}],"collection":[{"href":"https:\/\/icoinformativo.mx\/home\/index.php?rest_route=\/wp\/v2\/posts"}],"about":[{"href":"https:\/\/icoinformativo.mx\/home\/index.php?rest_route=\/wp\/v2\/types\/post"}],"author":[{"embeddable":true,"href":"https:\/\/icoinformativo.mx\/home\/index.php?rest_route=\/wp\/v2\/users\/2"}],"replies":[{"embeddable":true,"href":"https:\/\/icoinformativo.mx\/home\/index.php?rest_route=%2Fwp%2Fv2%2Fcomments&post=32645"}],"version-history":[{"count":1,"href":"https:\/\/icoinformativo.mx\/home\/index.php?rest_route=\/wp\/v2\/posts\/32645\/revisions"}],"predecessor-version":[{"id":32647,"href":"https:\/\/icoinformativo.mx\/home\/index.php?rest_route=\/wp\/v2\/posts\/32645\/revisions\/32647"}],"wp:featuredmedia":[{"embeddable":true,"href":"https:\/\/icoinformativo.mx\/home\/index.php?rest_route=\/wp\/v2\/media\/32646"}],"wp:attachment":[{"href":"https:\/\/icoinformativo.mx\/home\/index.php?rest_route=%2Fwp%2Fv2%2Fmedia&parent=32645"}],"wp:term":[{"taxonomy":"category","embeddable":true,"href":"https:\/\/icoinformativo.mx\/home\/index.php?rest_route=%2Fwp%2Fv2%2Fcategories&post=32645"},{"taxonomy":"post_tag","embeddable":true,"href":"https:\/\/icoinformativo.mx\/home\/index.php?rest_route=%2Fwp%2Fv2%2Ftags&post=32645"}],"curies":[{"name":"wp","href":"https:\/\/api.w.org\/{rel}","templated":true}]}}