{"id":32639,"date":"2025-05-21T04:04:19","date_gmt":"2025-05-21T04:04:19","guid":{"rendered":"https:\/\/icoinformativo.mx\/home\/?p=32639"},"modified":"2025-05-21T04:04:19","modified_gmt":"2025-05-21T04:04:19","slug":"en-juarez-autoridades-municipales-se-reunen-con-coordinador-de-icheja","status":"publish","type":"post","link":"https:\/\/icoinformativo.mx\/home\/?p=32639","title":{"rendered":"En Ju\u00e1rez\u00a0Autoridades municipales se re\u00fanen con coordinador de ICHEJA\u00a0"},"content":{"rendered":"<p>&nbsp;<\/p>\n<p>Autoridades de esta localidad encabezados por el presidente municipal Oscar Serra Cantoral y la presidenta del DIF Sonia Calcaneo Montellano sostuvieron una reuni\u00f3n con el Coordinador del ICHEJA de la Zona 0714 Pichucalco Jos\u00e9 Mar\u00eda D\u00e1vila Torres y asesores educativos.<\/p>\n<p>&nbsp;<\/p>\n<p>Esta acci\u00f3n con la finalidad de dar seguimiento al programa de alfabetizaci\u00f3n \u201cChiapas Puede\u201d, asi mismo se hizo entrega de Material Did\u00e1ctico de alfabetizaci\u00f3n correspondiente al modulo \u201cNombrando y Contando al Mundo\u201d.<\/p>\n<p>&nbsp;<\/p>\n<p>\u00abCon estas acciones continuamos fortaleci\u00e9ndo la iniciativa de nuestro Gobernador del Estado Eduardo Ram\u00edrez de llevar la luz del conocimiento a las personas que a\u00fan no saben leer ni escribir, lo que representa un paso fundamental hacia la #NuevaEra de la Educaci\u00f3n en Chiapas\u00bb; enfatiz\u00f3.<\/p>\n<p>&nbsp;<\/p>\n<p>Asimismo, dijo que como Gobierno Municipal creen firmemente que la educaci\u00f3n es la clave para el desarrollo y el empoderamiento de nuestras comunidades.<\/p>\n<p>&nbsp;<\/p>\n<p>\u00abCon cada libro entregado, estamos sembrando semillas de esperanza y oportunidades para un futuro m\u00e1s pr\u00f3spero\u00bb.<\/p>\n<p>&nbsp;<\/p>\n<p>\u00a1Sig\u00e1moslo haciendo juntos!<\/p>\n","protected":false},"excerpt":{"rendered":"<p>&nbsp; Autoridades de esta localidad encabezados por el presidente municipal Oscar Serra Cantoral y la&#8230;<\/p>\n","protected":false},"author":2,"featured_media":32640,"comment_status":"closed","ping_status":"closed","sticky":false,"template":"","format":"standard","meta":{"_joinchat":[],"footnotes":""},"categories":[18,1,2,3],"tags":[],"class_list":["post-32639","post","type-post","status-publish","format-standard","has-post-thumbnail","hentry","category-almomento","category-boletin","category-estado","category-health"],"_links":{"self":[{"href":"https:\/\/icoinformativo.mx\/home\/index.php?rest_route=\/wp\/v2\/posts\/32639","targetHints":{"allow":["GET"]}}],"collection":[{"href":"https:\/\/icoinformativo.mx\/home\/index.php?rest_route=\/wp\/v2\/posts"}],"about":[{"href":"https:\/\/icoinformativo.mx\/home\/index.php?rest_route=\/wp\/v2\/types\/post"}],"author":[{"embeddable":true,"href":"https:\/\/icoinformativo.mx\/home\/index.php?rest_route=\/wp\/v2\/users\/2"}],"replies":[{"embeddable":true,"href":"https:\/\/icoinformativo.mx\/home\/index.php?rest_route=%2Fwp%2Fv2%2Fcomments&post=32639"}],"version-history":[{"count":1,"href":"https:\/\/icoinformativo.mx\/home\/index.php?rest_route=\/wp\/v2\/posts\/32639\/revisions"}],"predecessor-version":[{"id":32641,"href":"https:\/\/icoinformativo.mx\/home\/index.php?rest_route=\/wp\/v2\/posts\/32639\/revisions\/32641"}],"wp:featuredmedia":[{"embeddable":true,"href":"https:\/\/icoinformativo.mx\/home\/index.php?rest_route=\/wp\/v2\/media\/32640"}],"wp:attachment":[{"href":"https:\/\/icoinformativo.mx\/home\/index.php?rest_route=%2Fwp%2Fv2%2Fmedia&parent=32639"}],"wp:term":[{"taxonomy":"category","embeddable":true,"href":"https:\/\/icoinformativo.mx\/home\/index.php?rest_route=%2Fwp%2Fv2%2Fcategories&post=32639"},{"taxonomy":"post_tag","embeddable":true,"href":"https:\/\/icoinformativo.mx\/home\/index.php?rest_route=%2Fwp%2Fv2%2Ftags&post=32639"}],"curies":[{"name":"wp","href":"https:\/\/api.w.org\/{rel}","templated":true}]}}