{"id":32636,"date":"2025-05-21T04:02:24","date_gmt":"2025-05-21T04:02:24","guid":{"rendered":"https:\/\/icoinformativo.mx\/home\/?p=32636"},"modified":"2025-05-21T04:02:24","modified_gmt":"2025-05-21T04:02:24","slug":"gobierno-municipal-instala-contenedores-para-almacenamiento-de-agua-entubada-en-solosuchiapa","status":"publish","type":"post","link":"https:\/\/icoinformativo.mx\/home\/?p=32636","title":{"rendered":"Gobierno municipal instala contenedores para almacenamiento de agua entubada en Solosuchiapa\u00a0"},"content":{"rendered":"<p>El H. Ayuntamiento de Solosuchiapa que preside Fernando Aparicio G\u00f3mez, a trav\u00e9s del personal de Obras P\u00fablicas, ha instalado contenedores para el almacenamiento y mejoramiento del suministro de agua potable en la cabecera municipal.<\/p>\n<p>&nbsp;<\/p>\n<p>Esta acci\u00f3n, ante las altas temperaturas que se han dejado sentir en la regi\u00f3n norte y gran parte del pa\u00eds, y que ya ha empezado a causar problemas de sequ\u00eda en algunas zonas.<\/p>\n<p>&nbsp;<\/p>\n<p>Por lo que con estas acciones reafirman el compromiso por un mejor Solosuchiapa, fortaleciendo el acceso al vital l\u00edquido y promoviendo el uso responsable del agua.<\/p>\n<p>&nbsp;<\/p>\n<p>Las autoridades hacen un llamado a la ciudadan\u00eda, a tomar las medidas precautorias y hacer uso responsable del vital l\u00edquido.<\/p>\n<p>&nbsp;<\/p>\n<p>\u00a1Cuidarla es tarea de todos!<\/p>\n<p>#queorgullosershuleco<\/p>\n","protected":false},"excerpt":{"rendered":"<p>El H. Ayuntamiento de Solosuchiapa que preside Fernando Aparicio G\u00f3mez, a trav\u00e9s del personal de&#8230;<\/p>\n","protected":false},"author":2,"featured_media":32637,"comment_status":"closed","ping_status":"closed","sticky":false,"template":"","format":"standard","meta":{"_joinchat":[],"footnotes":""},"categories":[18,1,2,3],"tags":[],"class_list":["post-32636","post","type-post","status-publish","format-standard","has-post-thumbnail","hentry","category-almomento","category-boletin","category-estado","category-health"],"_links":{"self":[{"href":"https:\/\/icoinformativo.mx\/home\/index.php?rest_route=\/wp\/v2\/posts\/32636","targetHints":{"allow":["GET"]}}],"collection":[{"href":"https:\/\/icoinformativo.mx\/home\/index.php?rest_route=\/wp\/v2\/posts"}],"about":[{"href":"https:\/\/icoinformativo.mx\/home\/index.php?rest_route=\/wp\/v2\/types\/post"}],"author":[{"embeddable":true,"href":"https:\/\/icoinformativo.mx\/home\/index.php?rest_route=\/wp\/v2\/users\/2"}],"replies":[{"embeddable":true,"href":"https:\/\/icoinformativo.mx\/home\/index.php?rest_route=%2Fwp%2Fv2%2Fcomments&post=32636"}],"version-history":[{"count":1,"href":"https:\/\/icoinformativo.mx\/home\/index.php?rest_route=\/wp\/v2\/posts\/32636\/revisions"}],"predecessor-version":[{"id":32638,"href":"https:\/\/icoinformativo.mx\/home\/index.php?rest_route=\/wp\/v2\/posts\/32636\/revisions\/32638"}],"wp:featuredmedia":[{"embeddable":true,"href":"https:\/\/icoinformativo.mx\/home\/index.php?rest_route=\/wp\/v2\/media\/32637"}],"wp:attachment":[{"href":"https:\/\/icoinformativo.mx\/home\/index.php?rest_route=%2Fwp%2Fv2%2Fmedia&parent=32636"}],"wp:term":[{"taxonomy":"category","embeddable":true,"href":"https:\/\/icoinformativo.mx\/home\/index.php?rest_route=%2Fwp%2Fv2%2Fcategories&post=32636"},{"taxonomy":"post_tag","embeddable":true,"href":"https:\/\/icoinformativo.mx\/home\/index.php?rest_route=%2Fwp%2Fv2%2Ftags&post=32636"}],"curies":[{"name":"wp","href":"https:\/\/api.w.org\/{rel}","templated":true}]}}