{"id":32633,"date":"2025-05-21T04:00:33","date_gmt":"2025-05-21T04:00:33","guid":{"rendered":"https:\/\/icoinformativo.mx\/home\/?p=32633"},"modified":"2025-05-21T04:00:33","modified_gmt":"2025-05-21T04:00:33","slug":"participa-fernando-aparicio-gomez-en-la-instalacion-de-consejo-regional-para-temporada-de-lluvias-y-ciclones-2025","status":"publish","type":"post","link":"https:\/\/icoinformativo.mx\/home\/?p=32633","title":{"rendered":"Participa Fernando Aparicio G\u00f3mez en la instalaci\u00f3n de Consejo Regional para temporada de lluvias y ciclones 2025"},"content":{"rendered":"<p>&nbsp;<\/p>\n<p>El Ing. Fernando Aparicio G\u00f3mez, presidente municipal de Solosuchiapa, particip\u00f3 en el Consejo Regional para la Temporada de Lluvias y Ciclones Tropicales 2025, encabezado por el secretario de Protecci\u00f3n Civil del Estado, Lic. Mauricio Cordero Rodr\u00edguez.<\/p>\n<p>Reafirm\u00f3 su compromiso con la prevenci\u00f3n y la seguridad de las familias shulecas, destacando la importancia del trabajo coordinado para proteger a la poblaci\u00f3n ante cualquier contingencia.<\/p>\n","protected":false},"excerpt":{"rendered":"<p>&nbsp; El Ing. Fernando Aparicio G\u00f3mez, presidente municipal de Solosuchiapa, particip\u00f3 en el Consejo Regional&#8230;<\/p>\n","protected":false},"author":2,"featured_media":32634,"comment_status":"closed","ping_status":"closed","sticky":false,"template":"","format":"standard","meta":{"_joinchat":[],"footnotes":""},"categories":[18,1,2,3],"tags":[],"class_list":["post-32633","post","type-post","status-publish","format-standard","has-post-thumbnail","hentry","category-almomento","category-boletin","category-estado","category-health"],"_links":{"self":[{"href":"https:\/\/icoinformativo.mx\/home\/index.php?rest_route=\/wp\/v2\/posts\/32633","targetHints":{"allow":["GET"]}}],"collection":[{"href":"https:\/\/icoinformativo.mx\/home\/index.php?rest_route=\/wp\/v2\/posts"}],"about":[{"href":"https:\/\/icoinformativo.mx\/home\/index.php?rest_route=\/wp\/v2\/types\/post"}],"author":[{"embeddable":true,"href":"https:\/\/icoinformativo.mx\/home\/index.php?rest_route=\/wp\/v2\/users\/2"}],"replies":[{"embeddable":true,"href":"https:\/\/icoinformativo.mx\/home\/index.php?rest_route=%2Fwp%2Fv2%2Fcomments&post=32633"}],"version-history":[{"count":1,"href":"https:\/\/icoinformativo.mx\/home\/index.php?rest_route=\/wp\/v2\/posts\/32633\/revisions"}],"predecessor-version":[{"id":32635,"href":"https:\/\/icoinformativo.mx\/home\/index.php?rest_route=\/wp\/v2\/posts\/32633\/revisions\/32635"}],"wp:featuredmedia":[{"embeddable":true,"href":"https:\/\/icoinformativo.mx\/home\/index.php?rest_route=\/wp\/v2\/media\/32634"}],"wp:attachment":[{"href":"https:\/\/icoinformativo.mx\/home\/index.php?rest_route=%2Fwp%2Fv2%2Fmedia&parent=32633"}],"wp:term":[{"taxonomy":"category","embeddable":true,"href":"https:\/\/icoinformativo.mx\/home\/index.php?rest_route=%2Fwp%2Fv2%2Fcategories&post=32633"},{"taxonomy":"post_tag","embeddable":true,"href":"https:\/\/icoinformativo.mx\/home\/index.php?rest_route=%2Fwp%2Fv2%2Ftags&post=32633"}],"curies":[{"name":"wp","href":"https:\/\/api.w.org\/{rel}","templated":true}]}}