{"id":32630,"date":"2025-05-21T03:57:34","date_gmt":"2025-05-21T03:57:34","guid":{"rendered":"https:\/\/icoinformativo.mx\/home\/?p=32630"},"modified":"2025-05-21T03:57:34","modified_gmt":"2025-05-21T03:57:34","slug":"fredi-ramirez-diaz-alcalde-de-sunuapa-asiste-a-la-sesion-del-consejo-de-proteccion-civil-region-norte","status":"publish","type":"post","link":"https:\/\/icoinformativo.mx\/home\/?p=32630","title":{"rendered":"Fredi Ramirez Diaz alcalde de Sunuapa asiste a la Sesi\u00f3n del consejo de protecci\u00f3n civil regi\u00f3n norte."},"content":{"rendered":"<p>&nbsp;<\/p>\n<p>El presidente municipal de Sunuapa Lic. Fredi Ramirez Diaz asisti\u00f3 a la sesi\u00f3n del Consejo Regional de Protecci\u00f3n Civil en la zona norte encabezado por el secretario de Protecci\u00f3n Civil del Estado, Lic. Mauricio Cordero Rodr\u00edguez, donde participaron autoridades de los tres \u00f3rdenes de gobierno, presidentas y presidentes municipales, as\u00ed como representantes comunitarios y de comit\u00e9s humanistas.<\/p>\n<p>El alcalde de Sunuapa resalt\u00f3 la importancia de trabajar unidos sociedad y gobierno en la creaci\u00f3n e implementaci\u00f3n de estrategias que ayuden a minimizar los riesgos y salvaguardar la integridad de la poblaci\u00f3n ante est\u00e1 temporada de lluvias y ciclones tropicales que se aproxima.<\/p>\n<p>As\u00ed tambi\u00e9n destac\u00f3 que se trabaja coordinadamente con la secretaria de protecci\u00f3n civil regional y estatal en el fortalecimiento y capacitaci\u00f3n constante a los elementos de la secretaria de protecci\u00f3n civil municipal y comit\u00e9s Humanistas para dar respuesta inmediata a las emergencias que se puedan presentar.<\/p>\n<p>Entre los asistentes se encontraron el Lic. Octavio Toledo Clausse, Coordinador de Supervisi\u00f3n y Evaluaci\u00f3n Regional; el Lic. Francisco Jos\u00e9 Velazco Cantoral, Delegado Regional de Protecci\u00f3n Civil; el Lic. Francisco \u00c1lvarez Sanen, Subsecretario de Gobierno y Mediaci\u00f3n; el Lic. Luis Fernando Gonz\u00e1lez \u00c1vila secretario de Protecci\u00f3n Civil Sunuapa 2024-2027 ,adem\u00e1s de representantes de los \u00e1mbitos federal y estatal, presidentes municipales y secretarios municipales de protecci\u00f3n civil de la regi\u00f3n norte del estado.<\/p>\n<p>&nbsp;<\/p>\n","protected":false},"excerpt":{"rendered":"<p>&nbsp; El presidente municipal de Sunuapa Lic. Fredi Ramirez Diaz asisti\u00f3 a la sesi\u00f3n del&#8230;<\/p>\n","protected":false},"author":2,"featured_media":32631,"comment_status":"closed","ping_status":"closed","sticky":false,"template":"","format":"standard","meta":{"_joinchat":[],"footnotes":""},"categories":[18,1,2,3],"tags":[],"class_list":["post-32630","post","type-post","status-publish","format-standard","has-post-thumbnail","hentry","category-almomento","category-boletin","category-estado","category-health"],"_links":{"self":[{"href":"https:\/\/icoinformativo.mx\/home\/index.php?rest_route=\/wp\/v2\/posts\/32630","targetHints":{"allow":["GET"]}}],"collection":[{"href":"https:\/\/icoinformativo.mx\/home\/index.php?rest_route=\/wp\/v2\/posts"}],"about":[{"href":"https:\/\/icoinformativo.mx\/home\/index.php?rest_route=\/wp\/v2\/types\/post"}],"author":[{"embeddable":true,"href":"https:\/\/icoinformativo.mx\/home\/index.php?rest_route=\/wp\/v2\/users\/2"}],"replies":[{"embeddable":true,"href":"https:\/\/icoinformativo.mx\/home\/index.php?rest_route=%2Fwp%2Fv2%2Fcomments&post=32630"}],"version-history":[{"count":1,"href":"https:\/\/icoinformativo.mx\/home\/index.php?rest_route=\/wp\/v2\/posts\/32630\/revisions"}],"predecessor-version":[{"id":32632,"href":"https:\/\/icoinformativo.mx\/home\/index.php?rest_route=\/wp\/v2\/posts\/32630\/revisions\/32632"}],"wp:featuredmedia":[{"embeddable":true,"href":"https:\/\/icoinformativo.mx\/home\/index.php?rest_route=\/wp\/v2\/media\/32631"}],"wp:attachment":[{"href":"https:\/\/icoinformativo.mx\/home\/index.php?rest_route=%2Fwp%2Fv2%2Fmedia&parent=32630"}],"wp:term":[{"taxonomy":"category","embeddable":true,"href":"https:\/\/icoinformativo.mx\/home\/index.php?rest_route=%2Fwp%2Fv2%2Fcategories&post=32630"},{"taxonomy":"post_tag","embeddable":true,"href":"https:\/\/icoinformativo.mx\/home\/index.php?rest_route=%2Fwp%2Fv2%2Ftags&post=32630"}],"curies":[{"name":"wp","href":"https:\/\/api.w.org\/{rel}","templated":true}]}}