{"id":32627,"date":"2025-05-21T03:54:37","date_gmt":"2025-05-21T03:54:37","guid":{"rendered":"https:\/\/icoinformativo.mx\/home\/?p=32627"},"modified":"2025-05-21T03:54:37","modified_gmt":"2025-05-21T03:54:37","slug":"seinfra-e-isstech-firman-convenio-para-impulsar-en-unidad-el-bienestar-de-chiapas","status":"publish","type":"post","link":"https:\/\/icoinformativo.mx\/home\/?p=32627","title":{"rendered":"Seinfra e Isstech firman convenio para impulsar en unidad\u00a0el bienestar de Chiapas"},"content":{"rendered":"<div id=\"m_toolbarLayer\" class=\"layer\"><\/div>\n<div id=\"m_textViewLayer\" class=\"layer\">\n<div id=\"m_content\">\n<div id=\"pc1\">\n<div id=\"p1\">\n<div>Tuxtla Guti\u00e9rrez, Chiapas; 20 de mayo 2025.- Con la finalidad de establecer las bases, as\u00ed\u00a0como mecanismos de apoyo y colaboraci\u00f3n interinstitucional que permitan unir esfuerzos,\u00a0recursos y capacidades para impulsar en unidad el bienestar de Chiapas, la titular de la\u00a0Secretar\u00eda de Infraestructura (Seinfra), Anakaren G\u00f3mez Zuart, sign\u00f3 convenio marco de\u00a0colaboraci\u00f3n con la directora del Instituto de Seguridad Social de los Trabajadores del Estado\u00a0de Chiapas (Isstech), Mar\u00eda del Carmen Fern\u00e1ndez Benavente.<\/div>\n<div><\/div>\n<div>En el marco de la firma de esta alianza en las instalaciones de Seinfra, la secretaria de\u00a0Infraestructura ratific\u00f3 su firme compromiso para cerrar filas con el Isstech, a trav\u00e9s del\u00a0impulso de proyectos conjuntos que puedan incidir en mejorar las condiciones de vida de\u00a0las y los chiapanecos, atendiendo las instrucciones del gobernador Eduardo Ram\u00edrez Aguilar.<\/div>\n<div><\/div>\n<div>En su intervenci\u00f3n, la titular del Isstech agradeci\u00f3 a la secretaria de Infraestructura su\u00a0disposici\u00f3n para trabajar juntas en favor del desarrollo de Chiapas, afirmando que con este\u00a0convenio ambas instituciones, en el \u00e1mbito de sus respectivas competencias y necesidades\u00a0institucionales, avanzar\u00e1n en diversos programas, proyectos y acciones en conjunto.<\/div>\n<div><\/div>\n<div>A trav\u00e9s de este convenio se busca estrechar la colaboraci\u00f3n entre ambas dependencias a\u00a0trav\u00e9s de la firma de acuerdos espec\u00edficos de cooperaci\u00f3n y ayuda mutua de car\u00e1cter social,\u00a0acad\u00e9mico, de obra p\u00fablica, servicios y asesor\u00eda, entre otros.<\/div>\n<div><\/div>\n<div>Atestiguaron esta firma por parte de Seinfra: el subsecretario de Obras P\u00fablicas, Cicer\u00f3n\u00a0Arg\u00fcello Kanter y el director de la Unidad de Asuntos Jur\u00eddicos, Jonathan de Jes\u00fas Molina\u00a0Orozco. En tanto que por el Isstech: Alejandra Cisneros Le\u00f3n, subdirectora de Administraci\u00f3n\u00a0y Finanzas y Edgar Orlando Ruiz Gamborino, jefe de la Unidad Jur\u00eddica.<\/div>\n<\/div>\n<hr class=\"pageHrV2\" \/>\n<\/div>\n<\/div>\n<\/div>\n","protected":false},"excerpt":{"rendered":"<p>Tuxtla Guti\u00e9rrez, Chiapas; 20 de mayo 2025.- Con la finalidad de establecer las bases, as\u00ed\u00a0como&#8230;<\/p>\n","protected":false},"author":2,"featured_media":32628,"comment_status":"closed","ping_status":"closed","sticky":false,"template":"","format":"standard","meta":{"_joinchat":[],"footnotes":""},"categories":[18,1,2,3],"tags":[],"class_list":["post-32627","post","type-post","status-publish","format-standard","has-post-thumbnail","hentry","category-almomento","category-boletin","category-estado","category-health"],"_links":{"self":[{"href":"https:\/\/icoinformativo.mx\/home\/index.php?rest_route=\/wp\/v2\/posts\/32627","targetHints":{"allow":["GET"]}}],"collection":[{"href":"https:\/\/icoinformativo.mx\/home\/index.php?rest_route=\/wp\/v2\/posts"}],"about":[{"href":"https:\/\/icoinformativo.mx\/home\/index.php?rest_route=\/wp\/v2\/types\/post"}],"author":[{"embeddable":true,"href":"https:\/\/icoinformativo.mx\/home\/index.php?rest_route=\/wp\/v2\/users\/2"}],"replies":[{"embeddable":true,"href":"https:\/\/icoinformativo.mx\/home\/index.php?rest_route=%2Fwp%2Fv2%2Fcomments&post=32627"}],"version-history":[{"count":1,"href":"https:\/\/icoinformativo.mx\/home\/index.php?rest_route=\/wp\/v2\/posts\/32627\/revisions"}],"predecessor-version":[{"id":32629,"href":"https:\/\/icoinformativo.mx\/home\/index.php?rest_route=\/wp\/v2\/posts\/32627\/revisions\/32629"}],"wp:featuredmedia":[{"embeddable":true,"href":"https:\/\/icoinformativo.mx\/home\/index.php?rest_route=\/wp\/v2\/media\/32628"}],"wp:attachment":[{"href":"https:\/\/icoinformativo.mx\/home\/index.php?rest_route=%2Fwp%2Fv2%2Fmedia&parent=32627"}],"wp:term":[{"taxonomy":"category","embeddable":true,"href":"https:\/\/icoinformativo.mx\/home\/index.php?rest_route=%2Fwp%2Fv2%2Fcategories&post=32627"},{"taxonomy":"post_tag","embeddable":true,"href":"https:\/\/icoinformativo.mx\/home\/index.php?rest_route=%2Fwp%2Fv2%2Ftags&post=32627"}],"curies":[{"name":"wp","href":"https:\/\/api.w.org\/{rel}","templated":true}]}}