{"id":32621,"date":"2025-05-21T03:50:29","date_gmt":"2025-05-21T03:50:29","guid":{"rendered":"https:\/\/icoinformativo.mx\/home\/?p=32621"},"modified":"2025-05-21T03:50:29","modified_gmt":"2025-05-21T03:50:29","slug":"destacan-progreso-y-transparencia-del-programa-de-alfabetizacion-chiapas-puede","status":"publish","type":"post","link":"https:\/\/icoinformativo.mx\/home\/?p=32621","title":{"rendered":"Destacan progreso y transparencia del programa de\u00a0alfabetizaci\u00f3n Chiapas Puede"},"content":{"rendered":"<div id=\"m_textViewLayer\" class=\"layer\">\n<div id=\"m_content\">\n<div id=\"pc1\">\n<div id=\"p1\">\n<div>\u00b7 El Tecnol\u00f3gico de Monterrey reconoce al modelo de alfabetizaci\u00f3n Mat\u00edas de C\u00f3rdova, por su innovaci\u00f3n educativa y sentido social<\/div>\n<div><\/div>\n<div>Tuxtla Guti\u00e9rrez, Chiapas; 20 de mayo de 2025.- En el marco de la reuni\u00f3n de Gabinete\u00a0Estatal de Educaci\u00f3n convocada por el gobernador Eduardo Ram\u00edrez Aguilar, quien supervisa\u00a0el progreso y transparencia del programa Chiapas Puede, se inform\u00f3 que, a la fecha, 96 mil\u00a0250 personas est\u00e1n registradas y en proceso de alfabetizaci\u00f3n, por lo que se est\u00e1 a un paso\u00a0de cumplir la meta de atenci\u00f3n a 100 mil personas en el primer semestre de 2025.<\/div>\n<div><\/div>\n<div>Asimismo, se dio a conocer que para el mes de agosto se espera que tales educandos\u00a0culminen su proceso de alfabetizaci\u00f3n, y que para el segundo ciclo de este a\u00f1o se atienda a\u00a0100 mil personas m\u00e1s, sumando al cierre del a\u00f1o 200 mil chiapanecas y chiapanecos\u00a0alfabetizados.<\/div>\n<div><\/div>\n<div>En ese sentido, el secretario de Educaci\u00f3n, Roger Mandujano Ayala, explic\u00f3 que se buscar\u00e1\u00a0disminuir la tasa de deserci\u00f3n que en otros sexenios laceraba la educaci\u00f3n para j\u00f3venes y\u00a0adultos hasta en un 80 por ciento. Afirm\u00f3 que, a la fecha, Chiapas lidera la estrategia\u00a0nacional de alfabetizaci\u00f3n aportando m\u00e1s de la mitad de las personas que ser\u00e1n\u00a0alfabetizadas este a\u00f1o.<\/div>\n<div><\/div>\n<div>Asimismo, Mandujano Ayala resalt\u00f3 el reconocimiento que el Tecnol\u00f3gico de Monterrey\u00a0hizo al modelo pedag\u00f3gico para la alfabetizaci\u00f3n Mat\u00edas de C\u00f3rdova, desarrollado por el\u00a0Estado de Chiapas, por su innovaci\u00f3n educativa y sentido social.<\/div>\n<div><\/div>\n<div>Se\u00f1al\u00f3 que, mediante una carta, la instituci\u00f3n educativa mejor rankeada en Am\u00e9rica Latina\u00a0destac\u00f3 el valor pedag\u00f3gico de dicho modelo de alfabetizaci\u00f3n, resaltando que su\u00a0fundamento en las etnopedagog\u00edas, as\u00ed como su enfoque intercultural y biling\u00fce\u00a0representan una ruta alternativa y valiosa para el desarrollo educativo nacional.<\/div>\n<div><\/div>\n<div>\u201cEste modelo, centrado en armonizar los conocimientos te\u00f3ricos sobre lectura y escritura\u00a0con las formas de construcci\u00f3n del saber propias de las comunidades ind\u00edgenas e\u00a0hispanohablantes, nos ha ofrecido una epistemolog\u00eda constructivista, social y dial\u00f3gica que\u00a0nos inspira y orienta en la b\u00fasqueda de enfoques educativos profundamente\u00a0contextualizados\u201d, se\u00f1ala la misiva.<\/div>\n<\/div>\n<hr class=\"pageHrV2\" \/>\n<\/div>\n<\/div>\n<\/div>\n","protected":false},"excerpt":{"rendered":"<p>\u00b7 El Tecnol\u00f3gico de Monterrey reconoce al modelo de alfabetizaci\u00f3n Mat\u00edas de C\u00f3rdova, por su&#8230;<\/p>\n","protected":false},"author":2,"featured_media":32622,"comment_status":"closed","ping_status":"closed","sticky":false,"template":"","format":"standard","meta":{"_joinchat":[],"footnotes":""},"categories":[18,1,2,3],"tags":[],"class_list":["post-32621","post","type-post","status-publish","format-standard","has-post-thumbnail","hentry","category-almomento","category-boletin","category-estado","category-health"],"_links":{"self":[{"href":"https:\/\/icoinformativo.mx\/home\/index.php?rest_route=\/wp\/v2\/posts\/32621","targetHints":{"allow":["GET"]}}],"collection":[{"href":"https:\/\/icoinformativo.mx\/home\/index.php?rest_route=\/wp\/v2\/posts"}],"about":[{"href":"https:\/\/icoinformativo.mx\/home\/index.php?rest_route=\/wp\/v2\/types\/post"}],"author":[{"embeddable":true,"href":"https:\/\/icoinformativo.mx\/home\/index.php?rest_route=\/wp\/v2\/users\/2"}],"replies":[{"embeddable":true,"href":"https:\/\/icoinformativo.mx\/home\/index.php?rest_route=%2Fwp%2Fv2%2Fcomments&post=32621"}],"version-history":[{"count":1,"href":"https:\/\/icoinformativo.mx\/home\/index.php?rest_route=\/wp\/v2\/posts\/32621\/revisions"}],"predecessor-version":[{"id":32623,"href":"https:\/\/icoinformativo.mx\/home\/index.php?rest_route=\/wp\/v2\/posts\/32621\/revisions\/32623"}],"wp:featuredmedia":[{"embeddable":true,"href":"https:\/\/icoinformativo.mx\/home\/index.php?rest_route=\/wp\/v2\/media\/32622"}],"wp:attachment":[{"href":"https:\/\/icoinformativo.mx\/home\/index.php?rest_route=%2Fwp%2Fv2%2Fmedia&parent=32621"}],"wp:term":[{"taxonomy":"category","embeddable":true,"href":"https:\/\/icoinformativo.mx\/home\/index.php?rest_route=%2Fwp%2Fv2%2Fcategories&post=32621"},{"taxonomy":"post_tag","embeddable":true,"href":"https:\/\/icoinformativo.mx\/home\/index.php?rest_route=%2Fwp%2Fv2%2Ftags&post=32621"}],"curies":[{"name":"wp","href":"https:\/\/api.w.org\/{rel}","templated":true}]}}