{"id":32615,"date":"2025-05-21T03:43:28","date_gmt":"2025-05-21T03:43:28","guid":{"rendered":"https:\/\/icoinformativo.mx\/home\/?p=32615"},"modified":"2025-05-21T03:43:28","modified_gmt":"2025-05-21T03:43:28","slug":"icatech-en-tu-barrio-un-programa-para-incentivar-la-capacitacion-cesar-espinosa","status":"publish","type":"post","link":"https:\/\/icoinformativo.mx\/home\/?p=32615","title":{"rendered":"\u201cIcatech en tu barrio\u201d, un programa para incentivar la capacitaci\u00f3n: C\u00e9sar Espinosa"},"content":{"rendered":"<p>&nbsp;<\/p>\n<p>\u2022 Llevar servicios b\u00e1sicos y cursos formativos a las comunidades no es solo una necesidad, es una inversi\u00f3n en dignidad, oportunidades y futuro<\/p>\n<p>Con la finalidad de incentivar y promover la capacitaci\u00f3n en las comunidades, el director general del Instituto de Capacitaci\u00f3n y Vinculaci\u00f3n Tecnol\u00f3gica del Estado de Chiapas (Icatech), C\u00e9sar Espinosa Morales, puso en marcha el programa \u201cIcatech en tu barrio\u201d, desde el barrio Mexicanos, en San Crist\u00f3bal de las Casas.<\/p>\n<p>Espinosa Morales se\u00f1al\u00f3 que este programa busca impulsar el emprendimiento, el desarrollo personal y el fortalecimiento de habilidades profesionales. Para ello, se instalar\u00e1n m\u00f3dulos informativos y demostrativos, a trav\u00e9s de los cuales se difundir\u00e1 informaci\u00f3n sobre los m\u00e1s de 700 cursos que ofrece Icatech, abarcando distintas especialidades y oficios.<\/p>\n<p>El programa \u201cIcatech en tu barrio\u201d pretende ser un puente directo entre la ciudadan\u00eda y las oportunidades de formaci\u00f3n t\u00e9cnica y profesional, brindando a las personas herramientas pr\u00e1cticas que les permitan mejorar sus condiciones de vida y ampliar sus posibilidades de inserci\u00f3n laboral o emprendimiento.<\/p>\n<p>A trav\u00e9s de este programa se recorrer\u00e1n diferentes localidades, instalando puntos de atenci\u00f3n itinerantes para que vecinas y vecinos puedan conocer de primera mano los servicios y resolver dudas.<\/p>\n<p>&nbsp;<\/p>\n<p>&nbsp;<\/p>\n<p>&nbsp;<\/p>\n<p>&nbsp;<\/p>\n<p>&nbsp;<\/p>\n<p>&nbsp;<\/p>\n<p>&nbsp;<\/p>\n<p>&nbsp;<\/p>\n<p>&nbsp;<\/p>\n<p>&nbsp;<\/p>\n<p>&nbsp;<\/p>\n<p>&nbsp;<\/p>\n<p>&nbsp;<\/p>\n<p>&nbsp;<\/p>\n","protected":false},"excerpt":{"rendered":"<p>&nbsp; \u2022 Llevar servicios b\u00e1sicos y cursos formativos a las comunidades no es solo una&#8230;<\/p>\n","protected":false},"author":2,"featured_media":32616,"comment_status":"closed","ping_status":"closed","sticky":false,"template":"","format":"standard","meta":{"_joinchat":[],"footnotes":""},"categories":[18,1,2,3],"tags":[],"class_list":["post-32615","post","type-post","status-publish","format-standard","has-post-thumbnail","hentry","category-almomento","category-boletin","category-estado","category-health"],"_links":{"self":[{"href":"https:\/\/icoinformativo.mx\/home\/index.php?rest_route=\/wp\/v2\/posts\/32615","targetHints":{"allow":["GET"]}}],"collection":[{"href":"https:\/\/icoinformativo.mx\/home\/index.php?rest_route=\/wp\/v2\/posts"}],"about":[{"href":"https:\/\/icoinformativo.mx\/home\/index.php?rest_route=\/wp\/v2\/types\/post"}],"author":[{"embeddable":true,"href":"https:\/\/icoinformativo.mx\/home\/index.php?rest_route=\/wp\/v2\/users\/2"}],"replies":[{"embeddable":true,"href":"https:\/\/icoinformativo.mx\/home\/index.php?rest_route=%2Fwp%2Fv2%2Fcomments&post=32615"}],"version-history":[{"count":1,"href":"https:\/\/icoinformativo.mx\/home\/index.php?rest_route=\/wp\/v2\/posts\/32615\/revisions"}],"predecessor-version":[{"id":32617,"href":"https:\/\/icoinformativo.mx\/home\/index.php?rest_route=\/wp\/v2\/posts\/32615\/revisions\/32617"}],"wp:featuredmedia":[{"embeddable":true,"href":"https:\/\/icoinformativo.mx\/home\/index.php?rest_route=\/wp\/v2\/media\/32616"}],"wp:attachment":[{"href":"https:\/\/icoinformativo.mx\/home\/index.php?rest_route=%2Fwp%2Fv2%2Fmedia&parent=32615"}],"wp:term":[{"taxonomy":"category","embeddable":true,"href":"https:\/\/icoinformativo.mx\/home\/index.php?rest_route=%2Fwp%2Fv2%2Fcategories&post=32615"},{"taxonomy":"post_tag","embeddable":true,"href":"https:\/\/icoinformativo.mx\/home\/index.php?rest_route=%2Fwp%2Fv2%2Ftags&post=32615"}],"curies":[{"name":"wp","href":"https:\/\/api.w.org\/{rel}","templated":true}]}}