{"id":32609,"date":"2025-05-21T03:35:01","date_gmt":"2025-05-21T03:35:01","guid":{"rendered":"https:\/\/icoinformativo.mx\/home\/?p=32609"},"modified":"2025-05-21T03:35:01","modified_gmt":"2025-05-21T03:35:01","slug":"eduardo-ramirez-visita-circulos-de-estudio-de-chiapas-puede-y-entrega-equipamiento-al-cobach","status":"publish","type":"post","link":"https:\/\/icoinformativo.mx\/home\/?p=32609","title":{"rendered":"Eduardo Ram\u00edrez visita c\u00edrculos de estudio de Chiapas Puede y entrega equipamiento al Cobach"},"content":{"rendered":"<p>En Tuxtla Guti\u00e9rrez, el gobernador Eduardo Ram\u00edrez Aguilar visit\u00f3 los c\u00edrculos de estudio del programa de alfabetizaci\u00f3n Chiapas Puede en la zona Metropolitana, adem\u00e1s de encabezar la entrega de equipamiento a los Colegios de Bachilleres de Chiapas (Cobach), donde destac\u00f3 que su administraci\u00f3n ha asumido el firme compromiso de erradicar el analfabetismo en la entidad a trav\u00e9s de este noble proyecto.<\/p>\n<p>&nbsp;<\/p>\n<p>Al subrayar que ense\u00f1ar a leer y escribir es uno de los actos m\u00e1s solidarios, Ram\u00edrez Aguilar celebr\u00f3 la participaci\u00f3n activa de las y los j\u00f3venes en este esfuerzo transformador. Asimismo, invit\u00f3 a m\u00e1s estudiantes del Cobach a integrarse como alfabetizadores, destacando que quienes lo hagan podr\u00e1n acceder a una beca.<\/p>\n<p>\u201cReconozco profundamente la labor que realiza el Colegio de Bachilleres. Vamos a mantenernos firmes, sin bajar la guardia, para que Tuxtla Guti\u00e9rrez y todo Chiapas cuenten con una educaci\u00f3n de mayor calidad\u201d, expres\u00f3 el mandatario, al tiempo de reiterar que se continuar\u00e1 fortaleciendo el sector educativo con iniciativas como Conecta Chiapas, que proporciona Internet y telefon\u00eda de manera gratuita para apoyar la formaci\u00f3n acad\u00e9mica de las y los estudiantes.<\/p>\n<p>Por su parte, el director general del Cobach, Miguel Prado de los Santos, agradeci\u00f3 la entrega de aires acondicionados y equipos de c\u00f3mputo, los cuales mejorar\u00e1n significativamente el entorno de ense\u00f1anza-aprendizaje. Reconoci\u00f3 tambi\u00e9n la participaci\u00f3n comprometida de estudiantes, docentes y personal administrativo en el programa Chiapas Puede, Cobach Puede.<\/p>\n<p>En representaci\u00f3n del alumnado, Martha Alejandra Castellanos Rodr\u00edguez, estudiante del plantel 145 del Cobach, expres\u00f3 su entusiasmo por ser parte del programa, el cual consider\u00f3 una experiencia transformadora que abre nuevas oportunidades. \u201cEste proyecto nos ha unido y ense\u00f1ado que, con esfuerzo, compromiso y coraz\u00f3n, s\u00ed podemos construir un futuro mejor\u201d.<\/p>\n<p>Durante el recorrido por los c\u00edrculos de estudio, personas adultas mayores beneficiarias demostraron sus avances en lectura y escritura, y agradecieron al gobernador Eduardo Ram\u00edrez por brindarles la oportunidad de aprender. A su vez, las y los alfabetizadores informaron sobre la apertura de nuevos espacios de ense\u00f1anza en diferentes colonias, adem\u00e1s de anunciar la aplicaci\u00f3n del primer examen a las y los participantes en pr\u00f3ximas fechas.<\/p>\n<p>En el evento estuvieron presentes el secretario de Educaci\u00f3n, Roger Adri\u00e1n Mandujano Ayala; el director del Plantel 145 del Cobach, Jorge Gutemberg Morales Mar\u00edn; as\u00ed como integrantes de la comunidad educativa, entre estudiantes, docentes y personal administrativo.<\/p>\n","protected":false},"excerpt":{"rendered":"<p>En Tuxtla Guti\u00e9rrez, el gobernador Eduardo Ram\u00edrez Aguilar visit\u00f3 los c\u00edrculos de estudio del programa&#8230;<\/p>\n","protected":false},"author":2,"featured_media":32610,"comment_status":"closed","ping_status":"closed","sticky":false,"template":"","format":"standard","meta":{"_joinchat":[],"footnotes":""},"categories":[18,1,2,3],"tags":[],"class_list":["post-32609","post","type-post","status-publish","format-standard","has-post-thumbnail","hentry","category-almomento","category-boletin","category-estado","category-health"],"_links":{"self":[{"href":"https:\/\/icoinformativo.mx\/home\/index.php?rest_route=\/wp\/v2\/posts\/32609","targetHints":{"allow":["GET"]}}],"collection":[{"href":"https:\/\/icoinformativo.mx\/home\/index.php?rest_route=\/wp\/v2\/posts"}],"about":[{"href":"https:\/\/icoinformativo.mx\/home\/index.php?rest_route=\/wp\/v2\/types\/post"}],"author":[{"embeddable":true,"href":"https:\/\/icoinformativo.mx\/home\/index.php?rest_route=\/wp\/v2\/users\/2"}],"replies":[{"embeddable":true,"href":"https:\/\/icoinformativo.mx\/home\/index.php?rest_route=%2Fwp%2Fv2%2Fcomments&post=32609"}],"version-history":[{"count":1,"href":"https:\/\/icoinformativo.mx\/home\/index.php?rest_route=\/wp\/v2\/posts\/32609\/revisions"}],"predecessor-version":[{"id":32611,"href":"https:\/\/icoinformativo.mx\/home\/index.php?rest_route=\/wp\/v2\/posts\/32609\/revisions\/32611"}],"wp:featuredmedia":[{"embeddable":true,"href":"https:\/\/icoinformativo.mx\/home\/index.php?rest_route=\/wp\/v2\/media\/32610"}],"wp:attachment":[{"href":"https:\/\/icoinformativo.mx\/home\/index.php?rest_route=%2Fwp%2Fv2%2Fmedia&parent=32609"}],"wp:term":[{"taxonomy":"category","embeddable":true,"href":"https:\/\/icoinformativo.mx\/home\/index.php?rest_route=%2Fwp%2Fv2%2Fcategories&post=32609"},{"taxonomy":"post_tag","embeddable":true,"href":"https:\/\/icoinformativo.mx\/home\/index.php?rest_route=%2Fwp%2Fv2%2Ftags&post=32609"}],"curies":[{"name":"wp","href":"https:\/\/api.w.org\/{rel}","templated":true}]}}