{"id":32606,"date":"2025-05-21T03:33:15","date_gmt":"2025-05-21T03:33:15","guid":{"rendered":"https:\/\/icoinformativo.mx\/home\/?p=32606"},"modified":"2025-05-21T03:33:15","modified_gmt":"2025-05-21T03:33:15","slug":"eduardo-ramirez-y-maria-luisa-albores-fortalecen-coordinacion-para-garantizar-un-precio-justo-al-maiz","status":"publish","type":"post","link":"https:\/\/icoinformativo.mx\/home\/?p=32606","title":{"rendered":"Eduardo Ram\u00edrez y Mar\u00eda Luisa Albores fortalecen coordinaci\u00f3n para garantizar un precio justo al ma\u00edz"},"content":{"rendered":"<p>&nbsp;<\/p>\n<p>El gobernador Eduardo Ram\u00edrez Aguilar sostuvo una reuni\u00f3n de trabajo con la directora general de Alimentaci\u00f3n para el Bienestar, Mar\u00eda Luisa Albores Gonz\u00e1lez, con el objetivo de fortalecer la coordinaci\u00f3n entre el Gobierno de Chiapas y el Gobierno de M\u00e9xico para garantizar un precio justo al ma\u00edz, mediante el acopio que realizan las y los productores.<\/p>\n<p>&nbsp;<\/p>\n<p>Durante el encuentro, Ram\u00edrez Aguilar y Albores Gonz\u00e1lez coincidieron en que la distribuci\u00f3n del ma\u00edz chiapaneco a diversas entidades del pa\u00eds se efectuar\u00e1 bajo criterios de equidad, en beneficio tanto de quienes lo cultivan como de quienes lo adquieren.<\/p>\n<p>&nbsp;<\/p>\n<p>Ram\u00edrez Aguilar expres\u00f3 su reconocimiento y gratitud por el respaldo que la administraci\u00f3n de la presidenta Claudia Sheinbaum brinda a Chiapas, especialmente en lo relativo al abastecimiento alimentario, con el fin de garantizar este derecho humano a la poblaci\u00f3n, especialmente a los sectores en condiciones de mayor vulnerabilidad.<\/p>\n<p>&nbsp;<\/p>\n<p>En ese marco, se inform\u00f3 que del total de la producci\u00f3n de ma\u00edz de Chiapas, el 49 por ciento se comercializa en distintos municipios del estado, mientras que el resto se destina a entidades como Tabasco, Veracruz, Oaxaca, Yucat\u00e1n y Tlaxcala. En este contexto, se acord\u00f3 establecer un precio de garant\u00eda de 7 mil 200 pesos por tonelada para peque\u00f1os productores, conforme a las reglas de operaci\u00f3n del acuerdo de acopio vigente para el periodo octubre 2024-junio 2026.<\/p>\n<p>&nbsp;<\/p>\n<p>Al corte del 15 de mayo del 2025, correspondiente al ciclo primavera-verano 2024, se ha beneficiado a 6 mil 793 productores mediante el Programa de Precios de Garant\u00eda, y 3 mil 600 han recibido apoyo en fertilizantes.<\/p>\n<p>&nbsp;<\/p>\n<p>Asimismo se prev\u00e9 una atracci\u00f3n significativa de inversiones para Chiapas, tanto p\u00fablicas como privadas, que impulsar\u00e1n la econom\u00eda local y fortalecer\u00e1n las cadenas de valor en el sector agroalimentario.<\/p>\n<p>&nbsp;<\/p>\n<p>Estuvieron presentes en esta reuni\u00f3n los secretarios de Finanzas, Manuel Francisco Antonio Pariente Gavito y de Agricultura, Ganader\u00eda y Pesca, Marco Antonio Barba Arrocha; as\u00ed como la directora de Operaciones de Alimentaci\u00f3n para el Bienestar, Silvia Montes y el director Comercial de Alimentaci\u00f3n para el Bienestar, Gabriel Blando Ambriz; entre otros.<\/p>\n","protected":false},"excerpt":{"rendered":"<p>&nbsp; El gobernador Eduardo Ram\u00edrez Aguilar sostuvo una reuni\u00f3n de trabajo con la directora general&#8230;<\/p>\n","protected":false},"author":2,"featured_media":32607,"comment_status":"closed","ping_status":"closed","sticky":false,"template":"","format":"standard","meta":{"_joinchat":[],"footnotes":""},"categories":[18,1,2,3],"tags":[],"class_list":["post-32606","post","type-post","status-publish","format-standard","has-post-thumbnail","hentry","category-almomento","category-boletin","category-estado","category-health"],"_links":{"self":[{"href":"https:\/\/icoinformativo.mx\/home\/index.php?rest_route=\/wp\/v2\/posts\/32606","targetHints":{"allow":["GET"]}}],"collection":[{"href":"https:\/\/icoinformativo.mx\/home\/index.php?rest_route=\/wp\/v2\/posts"}],"about":[{"href":"https:\/\/icoinformativo.mx\/home\/index.php?rest_route=\/wp\/v2\/types\/post"}],"author":[{"embeddable":true,"href":"https:\/\/icoinformativo.mx\/home\/index.php?rest_route=\/wp\/v2\/users\/2"}],"replies":[{"embeddable":true,"href":"https:\/\/icoinformativo.mx\/home\/index.php?rest_route=%2Fwp%2Fv2%2Fcomments&post=32606"}],"version-history":[{"count":1,"href":"https:\/\/icoinformativo.mx\/home\/index.php?rest_route=\/wp\/v2\/posts\/32606\/revisions"}],"predecessor-version":[{"id":32608,"href":"https:\/\/icoinformativo.mx\/home\/index.php?rest_route=\/wp\/v2\/posts\/32606\/revisions\/32608"}],"wp:featuredmedia":[{"embeddable":true,"href":"https:\/\/icoinformativo.mx\/home\/index.php?rest_route=\/wp\/v2\/media\/32607"}],"wp:attachment":[{"href":"https:\/\/icoinformativo.mx\/home\/index.php?rest_route=%2Fwp%2Fv2%2Fmedia&parent=32606"}],"wp:term":[{"taxonomy":"category","embeddable":true,"href":"https:\/\/icoinformativo.mx\/home\/index.php?rest_route=%2Fwp%2Fv2%2Fcategories&post=32606"},{"taxonomy":"post_tag","embeddable":true,"href":"https:\/\/icoinformativo.mx\/home\/index.php?rest_route=%2Fwp%2Fv2%2Ftags&post=32606"}],"curies":[{"name":"wp","href":"https:\/\/api.w.org\/{rel}","templated":true}]}}