{"id":32603,"date":"2025-05-21T03:05:43","date_gmt":"2025-05-21T03:05:43","guid":{"rendered":"https:\/\/icoinformativo.mx\/home\/?p=32603"},"modified":"2025-05-21T03:05:43","modified_gmt":"2025-05-21T03:05:43","slug":"telesecundaria-860-rafael-ramirez-castaneda-destaca-en-jornada-de-proyectos-comunitarios-e-integradores","status":"publish","type":"post","link":"https:\/\/icoinformativo.mx\/home\/?p=32603","title":{"rendered":"*Telesecundaria 860 Rafael Ram\u00edrez Casta\u00f1eda Destaca en Jornada de Proyectos Comunitarios e Integradores*"},"content":{"rendered":"<p>La Telesecundaria 860 Rafael Ram\u00edrez Casta\u00f1eda de la comunidad de Tocob Leglemal, municipio de Tila, Chiapas, particip\u00f3 en la jornada de presentaci\u00f3n de proyectos comunitarios e integradores de la zona escolar 048. El evento reuni\u00f3 a estudiantes, padres de familia y docentes de 6 escuelas para exponer los aprendizajes adquiridos durante el ciclo escolar 2024-2025.<\/p>\n<p>*Proyectos Innovadores*<\/p>\n<p>Los estudiantes de la Telesecundaria 860 presentaron proyectos en los campos formativos de Saberes y pensamiento cient\u00edfico y de \u00c9tica, Naturaleza y Sociedades. El evento cont\u00f3 con la presencia del Dr. Rudy Ramad\u00e1n G\u00f3mez Guti\u00e9rrez, supervisor de la zona escolar, y del Dr. Julio Enrique Ruedas Zepeda, jefe del sector 12, quienes reconocieron los avances en la implementaci\u00f3n de los planes y programas de estudio.<\/p>\n<p>*Reconocimientos y Logros*<\/p>\n<p>La directora de la escuela, Dra. Tanya Ivette Le\u00f3n Moreno, recibi\u00f3 reconocimientos de participaci\u00f3n y notas laudatorias para los docentes que participaron con sus alumnos. Los estudiantes tambi\u00e9n recibieron diplomas de reconocimiento y disfrutaron de un convivio con otros centros de trabajo de la regi\u00f3n.<\/p>\n<p>*Compromiso y Dedicaci\u00f3n*<\/p>\n<p>Este evento destac\u00f3 el compromiso y la dedicaci\u00f3n de la Telesecundaria 860 Rafael Ram\u00edrez Casta\u00f1eda en la formaci\u00f3n integral de sus estudiantes, as\u00ed como la calidad de los proyectos desarrollados en la instituci\u00f3n. La escuela demostr\u00f3 su capacidad para desarrollar proyectos innovadores y relevantes para la comunidad.<\/p>\n","protected":false},"excerpt":{"rendered":"<p>La Telesecundaria 860 Rafael Ram\u00edrez Casta\u00f1eda de la comunidad de Tocob Leglemal, municipio de Tila,&#8230;<\/p>\n","protected":false},"author":2,"featured_media":32604,"comment_status":"closed","ping_status":"closed","sticky":false,"template":"","format":"standard","meta":{"_joinchat":[],"footnotes":""},"categories":[18,1,2,3],"tags":[],"class_list":["post-32603","post","type-post","status-publish","format-standard","has-post-thumbnail","hentry","category-almomento","category-boletin","category-estado","category-health"],"_links":{"self":[{"href":"https:\/\/icoinformativo.mx\/home\/index.php?rest_route=\/wp\/v2\/posts\/32603","targetHints":{"allow":["GET"]}}],"collection":[{"href":"https:\/\/icoinformativo.mx\/home\/index.php?rest_route=\/wp\/v2\/posts"}],"about":[{"href":"https:\/\/icoinformativo.mx\/home\/index.php?rest_route=\/wp\/v2\/types\/post"}],"author":[{"embeddable":true,"href":"https:\/\/icoinformativo.mx\/home\/index.php?rest_route=\/wp\/v2\/users\/2"}],"replies":[{"embeddable":true,"href":"https:\/\/icoinformativo.mx\/home\/index.php?rest_route=%2Fwp%2Fv2%2Fcomments&post=32603"}],"version-history":[{"count":1,"href":"https:\/\/icoinformativo.mx\/home\/index.php?rest_route=\/wp\/v2\/posts\/32603\/revisions"}],"predecessor-version":[{"id":32605,"href":"https:\/\/icoinformativo.mx\/home\/index.php?rest_route=\/wp\/v2\/posts\/32603\/revisions\/32605"}],"wp:featuredmedia":[{"embeddable":true,"href":"https:\/\/icoinformativo.mx\/home\/index.php?rest_route=\/wp\/v2\/media\/32604"}],"wp:attachment":[{"href":"https:\/\/icoinformativo.mx\/home\/index.php?rest_route=%2Fwp%2Fv2%2Fmedia&parent=32603"}],"wp:term":[{"taxonomy":"category","embeddable":true,"href":"https:\/\/icoinformativo.mx\/home\/index.php?rest_route=%2Fwp%2Fv2%2Fcategories&post=32603"},{"taxonomy":"post_tag","embeddable":true,"href":"https:\/\/icoinformativo.mx\/home\/index.php?rest_route=%2Fwp%2Fv2%2Ftags&post=32603"}],"curies":[{"name":"wp","href":"https:\/\/api.w.org\/{rel}","templated":true}]}}