{"id":32591,"date":"2025-05-20T02:52:16","date_gmt":"2025-05-20T02:52:16","guid":{"rendered":"https:\/\/icoinformativo.mx\/home\/?p=32591"},"modified":"2025-05-20T02:52:16","modified_gmt":"2025-05-20T02:52:16","slug":"indeporte-respalda-copa-siltepec-de-futbol-7","status":"publish","type":"post","link":"https:\/\/icoinformativo.mx\/home\/?p=32591","title":{"rendered":"Indeporte respalda Copa Siltepec de f\u00fatbol 7"},"content":{"rendered":"<p>El director general Adona\u00ed S\u00e1nchez Osorio acompa\u00f1\u00f3 a Ericka L\u00f3pez Guzm\u00e1n, presidenta de la Af7rach, en la presentaci\u00f3n del torneo que se llevar\u00e1 a cabo este 24 y 26 de mayo<\/p>\n<p>&nbsp;<\/p>\n<p>Cumpliendo el objetivo de activar la Nueva ERA del deporte en todo el estado de Chiapas, el Instituto del Deporte (Indeporte), que dirige Adona\u00ed S\u00e1nchez Osorio, respalda la organizaci\u00f3n de la Copa Siltepec 2025, a desarrollarse este 24 y 25 de mayo.<\/p>\n<p>&nbsp;<\/p>\n<p>En conferencia de prensa, organizada por Ericka L\u00f3pez Guzm\u00e1n, presidenta de la Asociaci\u00f3n de F\u00fatbol 7 y R\u00e1pido de Chiapas (Af7rach), S\u00e1nchez Osorio indic\u00f3 que la Copa Siltepec es un buen motivo para curar las heridas a la poblaci\u00f3n de la Sierra chiapaneca.<\/p>\n<p>&nbsp;<\/p>\n<p>\u00abHay mucho dolor en nuestros hermanos de la Sierra y el deporte es el medio id\u00f3neo para recuperar ese sentido social y hermanar esa zona mediante justas deportivas, en especial esta copa que tiene una bolsa grande de premiaci\u00f3n. Con el respaldo de Ericka L\u00f3pez y la asociaci\u00f3n que dirige, auguramos un gran torneo con muy buena organizaci\u00f3n\u00bb, se\u00f1al\u00f3.<\/p>\n<p>&nbsp;<\/p>\n<p>La Copa Siltepec se desarrollar\u00e1 en la cancha Dant Sport y albergar\u00e1 a equipos de las categor\u00edas 2009-2010, 2011-2012 y 2013-2014. Los campeones tendr\u00e1n su pase directo a la etapa estatal, a realizarse del 4 al 6 de julio en Tuxtla Guti\u00e9rrez.<\/p>\n<p>&nbsp;<\/p>\n<p>En ese sentido, L\u00f3pez Guzm\u00e1n agradeci\u00f3 el apoyo del Indeporte y coincidi\u00f3 en se\u00f1alar que los habitantes de la Sierra se beneficiar\u00e1n de este evento futbol\u00edstico.<\/p>\n<p>&nbsp;<\/p>\n<p>\u00abQueremos abonar para que este tipo de eventos no solo sean un discurso, sino una realidad en Siltepec, apoyando en la Nueva ERA eventos en lugares donde nadie ha llegado. Nosotros respaldamos los deportes que beneficien a la poblaci\u00f3n en zonas muy dif\u00edciles, porque a trav\u00e9s del deporte queremos ayudar a muchos equipos y chiapanecos\u00bb, mencion\u00f3.<\/p>\n<p>&nbsp;<\/p>\n<p>Dieron a conocer que el campeonato es, adem\u00e1s, parte del proceso clasificatorio al Campeonato Nacional que organiza la Federaci\u00f3n Mexicana de F\u00fatbol 7, R\u00e1pido y Mini Futbol, a realizarse en Huatulco, Oaxaca, del 14 al 16 de agosto.<\/p>\n<p>&nbsp;<\/p>\n<p>A la presentaci\u00f3n de la Copa Siltepec 2025 tambi\u00e9n asistieron: Arturo \u00c1lvarez Carrasco, coordinador de la Copa en la Sierra; Jhosep Blanco M\u00e9ndez, coordinador deportivo de Tzimol; Javier Arroyo, \u00e1rbitro profesional; Michell Monroy y Edilmar G\u00e1lvez.<\/p>\n<p>&nbsp;<\/p>\n<p>Al t\u00e9rmino de la conferencia de prensa, la presidenta de Af7rach entreg\u00f3 al titular del Indeporte el jersey oficial de la Federaci\u00f3n Mexicana.<\/p>\n","protected":false},"excerpt":{"rendered":"<p>El director general Adona\u00ed S\u00e1nchez Osorio acompa\u00f1\u00f3 a Ericka L\u00f3pez Guzm\u00e1n, presidenta de la Af7rach,&#8230;<\/p>\n","protected":false},"author":2,"featured_media":32592,"comment_status":"closed","ping_status":"closed","sticky":false,"template":"","format":"standard","meta":{"_joinchat":[],"footnotes":""},"categories":[18,1,2,3],"tags":[],"class_list":["post-32591","post","type-post","status-publish","format-standard","has-post-thumbnail","hentry","category-almomento","category-boletin","category-estado","category-health"],"_links":{"self":[{"href":"https:\/\/icoinformativo.mx\/home\/index.php?rest_route=\/wp\/v2\/posts\/32591","targetHints":{"allow":["GET"]}}],"collection":[{"href":"https:\/\/icoinformativo.mx\/home\/index.php?rest_route=\/wp\/v2\/posts"}],"about":[{"href":"https:\/\/icoinformativo.mx\/home\/index.php?rest_route=\/wp\/v2\/types\/post"}],"author":[{"embeddable":true,"href":"https:\/\/icoinformativo.mx\/home\/index.php?rest_route=\/wp\/v2\/users\/2"}],"replies":[{"embeddable":true,"href":"https:\/\/icoinformativo.mx\/home\/index.php?rest_route=%2Fwp%2Fv2%2Fcomments&post=32591"}],"version-history":[{"count":1,"href":"https:\/\/icoinformativo.mx\/home\/index.php?rest_route=\/wp\/v2\/posts\/32591\/revisions"}],"predecessor-version":[{"id":32593,"href":"https:\/\/icoinformativo.mx\/home\/index.php?rest_route=\/wp\/v2\/posts\/32591\/revisions\/32593"}],"wp:featuredmedia":[{"embeddable":true,"href":"https:\/\/icoinformativo.mx\/home\/index.php?rest_route=\/wp\/v2\/media\/32592"}],"wp:attachment":[{"href":"https:\/\/icoinformativo.mx\/home\/index.php?rest_route=%2Fwp%2Fv2%2Fmedia&parent=32591"}],"wp:term":[{"taxonomy":"category","embeddable":true,"href":"https:\/\/icoinformativo.mx\/home\/index.php?rest_route=%2Fwp%2Fv2%2Fcategories&post=32591"},{"taxonomy":"post_tag","embeddable":true,"href":"https:\/\/icoinformativo.mx\/home\/index.php?rest_route=%2Fwp%2Fv2%2Ftags&post=32591"}],"curies":[{"name":"wp","href":"https:\/\/api.w.org\/{rel}","templated":true}]}}