{"id":32585,"date":"2025-05-20T02:43:44","date_gmt":"2025-05-20T02:43:44","guid":{"rendered":"https:\/\/icoinformativo.mx\/home\/?p=32585"},"modified":"2025-05-20T02:43:44","modified_gmt":"2025-05-20T02:43:44","slug":"secretaria-anticorrupcion-y-buen-gobierno-y-colegio-de-contadores-publicos-de-chiapas-a-c-firman-convenio-de-colaboracion","status":"publish","type":"post","link":"https:\/\/icoinformativo.mx\/home\/?p=32585","title":{"rendered":"Secretar\u00eda Anticorrupci\u00f3n y Buen Gobierno y Colegio de Contadores P\u00fablicos de Chiapas A.C. firman convenio de colaboraci\u00f3n"},"content":{"rendered":"<p>&nbsp;<\/p>\n<p>Tuxtla Guti\u00e9rrez, Chiapas.- Con el objetivo de fortalecer los mecanismos de transparencia y rendici\u00f3n de cuentas en los procesos administrativos del estado, se llev\u00f3 a cabo la firma del Convenio de Colaboraci\u00f3n entre la Secretar\u00eda Anticorrupci\u00f3n y Buen Gobierno del Estado (SAyBG) y el Colegio de Contadores P\u00fablicos de Chiapas A.C.<\/p>\n<p>&nbsp;<\/p>\n<p>Este convenio permitir\u00e1 que los estados financieros sean dictaminados por contadores p\u00fablicos certificados, quienes brindar\u00e1n apoyo t\u00e9cnico y profesional en el proceso de Registro de Contratistas. La medida busca garantizar la confiabilidad, objetividad y legalidad en los procesos de contrataci\u00f3n p\u00fablica.<\/p>\n<p>&nbsp;<\/p>\n<p>Durante el acto protocolario, Ana Laura Romero Basurto, titular de SAyBG, reafirm\u00f3 el compromiso del Gobierno del Estado con la promoci\u00f3n de pr\u00e1cticas responsables, transparentes y libres de corrupci\u00f3n.<\/p>\n<p>&nbsp;<\/p>\n<p>Por su parte, Arturo Ram\u00edrez Guzm\u00e1n, presidente del Colegio de Contadores P\u00fablicos de Chiapas A.C., destac\u00f3 la importancia de que las y los profesionistas del gremio contable participen activamente en los procesos de fiscalizaci\u00f3n, aportando su conocimiento y experiencia en beneficio del servicio p\u00fablico.<\/p>\n<p>&nbsp;<\/p>\n<p>En el evento estuvieron presentes C\u00e9sar Antonio Ochoa Bartol\u00f3n, subsecretario Jur\u00eddico y de Prevenci\u00f3n; y los agremiados Ernesto Federico C\u00e1rdenas L\u00f3pez y Ana Julia Toledo Ordo\u00f1ez.<\/p>\n<p>&nbsp;<\/p>\n<p>Con esta alianza estrat\u00e9gica, ambas instituciones reafirman su compromiso con la legalidad y la buena gobernanza, contribuyendo al fortalecimiento institucional del estado.<\/p>\n","protected":false},"excerpt":{"rendered":"<p>&nbsp; Tuxtla Guti\u00e9rrez, Chiapas.- Con el objetivo de fortalecer los mecanismos de transparencia y rendici\u00f3n&#8230;<\/p>\n","protected":false},"author":2,"featured_media":32586,"comment_status":"closed","ping_status":"closed","sticky":false,"template":"","format":"standard","meta":{"_joinchat":[],"footnotes":""},"categories":[18,1,2,3],"tags":[],"class_list":["post-32585","post","type-post","status-publish","format-standard","has-post-thumbnail","hentry","category-almomento","category-boletin","category-estado","category-health"],"_links":{"self":[{"href":"https:\/\/icoinformativo.mx\/home\/index.php?rest_route=\/wp\/v2\/posts\/32585","targetHints":{"allow":["GET"]}}],"collection":[{"href":"https:\/\/icoinformativo.mx\/home\/index.php?rest_route=\/wp\/v2\/posts"}],"about":[{"href":"https:\/\/icoinformativo.mx\/home\/index.php?rest_route=\/wp\/v2\/types\/post"}],"author":[{"embeddable":true,"href":"https:\/\/icoinformativo.mx\/home\/index.php?rest_route=\/wp\/v2\/users\/2"}],"replies":[{"embeddable":true,"href":"https:\/\/icoinformativo.mx\/home\/index.php?rest_route=%2Fwp%2Fv2%2Fcomments&post=32585"}],"version-history":[{"count":1,"href":"https:\/\/icoinformativo.mx\/home\/index.php?rest_route=\/wp\/v2\/posts\/32585\/revisions"}],"predecessor-version":[{"id":32587,"href":"https:\/\/icoinformativo.mx\/home\/index.php?rest_route=\/wp\/v2\/posts\/32585\/revisions\/32587"}],"wp:featuredmedia":[{"embeddable":true,"href":"https:\/\/icoinformativo.mx\/home\/index.php?rest_route=\/wp\/v2\/media\/32586"}],"wp:attachment":[{"href":"https:\/\/icoinformativo.mx\/home\/index.php?rest_route=%2Fwp%2Fv2%2Fmedia&parent=32585"}],"wp:term":[{"taxonomy":"category","embeddable":true,"href":"https:\/\/icoinformativo.mx\/home\/index.php?rest_route=%2Fwp%2Fv2%2Fcategories&post=32585"},{"taxonomy":"post_tag","embeddable":true,"href":"https:\/\/icoinformativo.mx\/home\/index.php?rest_route=%2Fwp%2Fv2%2Ftags&post=32585"}],"curies":[{"name":"wp","href":"https:\/\/api.w.org\/{rel}","templated":true}]}}