{"id":32582,"date":"2025-05-20T02:31:14","date_gmt":"2025-05-20T02:31:14","guid":{"rendered":"https:\/\/icoinformativo.mx\/home\/?p=32582"},"modified":"2025-05-20T02:31:14","modified_gmt":"2025-05-20T02:31:14","slug":"cecyt-40-las-aguilas-abre-sus-puertas-a-la-comunidad-estudiantil","status":"publish","type":"post","link":"https:\/\/icoinformativo.mx\/home\/?p=32582","title":{"rendered":"CECyT 40 Las \u00c1guilas abre sus puertas a la comunidad estudiantil"},"content":{"rendered":"<p>&nbsp;<\/p>\n<p>\u2022 La Expo-Feria de Carreras T\u00e9cnicas evidenci\u00f3 la preparaci\u00f3n y el potencial de las y los j\u00f3venes del plantel<\/p>\n<p>\u2022 Con la presencia de Ko\u2019tan, se present\u00f3 la oferta educativa en Ventas, Laboratorista Qu\u00edmico y Mecatr\u00f3nica, destacando los beneficios y actividades que fortalecen la formaci\u00f3n integral del alumnado<\/p>\n<p>Tuxtla Guti\u00e9rrez, Chiapas.- El Colegio de Estudios Cient\u00edficos y Tecnol\u00f3gicos del Estado de Chiapas (Cecytech) Plantel 40 Las \u00c1guilas, llev\u00f3 a cabo con \u00e9xito su Expo-Feria de Carreras T\u00e9cnicas, una jornada de promoci\u00f3n educativa en la que estudiantes, docentes y autoridades presentaron una muestra representativa del trabajo acad\u00e9mico, cultural y de formaci\u00f3n profesional que impulsa la instituci\u00f3n. El evento cont\u00f3 adem\u00e1s con la participaci\u00f3n especial de Ko\u2019tan, la mascota oficial del Colegio y s\u00edmbolo del coraz\u00f3n que gu\u00eda la educaci\u00f3n y el progreso en Chiapas.<\/p>\n<p>Al respecto, la directora del Plantel 40 Las \u00c1guilas, Karen Alejandra Ram\u00edrez Molina, expres\u00f3 que esta actividad forma parte del compromiso del Cecytech por acercar la educaci\u00f3n t\u00e9cnica a la comunidad, fortalecer los v\u00ednculos con los sectores sociales y consolidar una formaci\u00f3n integral que permita a las y los j\u00f3venes desarrollar habilidades acad\u00e9micas, culturales y humanas desde el nivel medio superior.<\/p>\n<p>\u201cLa Expo-Feria es una oportunidad para mostrar lo que hacemos con vocaci\u00f3n, esfuerzo y compromiso. Aqu\u00ed no solo ense\u00f1amos una carrera t\u00e9cnica, tambi\u00e9n impulsamos el crecimiento personal, el trabajo en equipo y el orgullo por ser parte de esta instituci\u00f3n\u201d, afirm\u00f3 la directora al tiempo de destacar la importancia de generar espacios donde la comunidad conozca el alcance del modelo educativo que ofrece el Cecytech.<\/p>\n<p>Indic\u00f3 que el plantel ofrece talleres y actividades que complementan la formaci\u00f3n profesional del alumnado, entre los que destacan radio escolar, rob\u00f3tica, lenguaje de se\u00f1as, primeros auxilios y la participaci\u00f3n de la rondalla estudiantil; a ello se suma una infraestructura adecuada y laboratorios equipados que permiten reforzar la educaci\u00f3n te\u00f3rico-pr\u00e1ctica en cada una de las especialidades.<\/p>\n<p>Asimismo, destac\u00f3 que el plantel brinda a sus estudiantes beneficios clave para su desarrollo, como la afiliaci\u00f3n al IMSS, el acceso a las Becas Benito Ju\u00e1rez y diversos programas de apoyo que fortalecen la permanencia y el \u00e9xito escolar, reflejo del compromiso del Cecytech con una educaci\u00f3n media superior inclusiva, equitativa y con sentido social.<\/p>\n<p>Finalmente, se inform\u00f3 que el Plantel 40 Las \u00c1guilas ofrece actualmente las carreras t\u00e9cnicas de Ventas, Laboratorista Qu\u00edmico y Mecatr\u00f3nica, y contin\u00faa consolid\u00e1ndose como un espacio formativo que responde a los retos del mundo laboral con calidad acad\u00e9mica, pertinencia educativa y s\u00f3lidos valores humanos.<\/p>\n<p>&nbsp;<\/p>\n<p>&nbsp;<\/p>\n<p>&nbsp;<\/p>\n<p>&nbsp;<\/p>\n","protected":false},"excerpt":{"rendered":"<p>&nbsp; \u2022 La Expo-Feria de Carreras T\u00e9cnicas evidenci\u00f3 la preparaci\u00f3n y el potencial de las&#8230;<\/p>\n","protected":false},"author":2,"featured_media":32583,"comment_status":"closed","ping_status":"closed","sticky":false,"template":"","format":"standard","meta":{"_joinchat":[],"footnotes":""},"categories":[18,1,2,3],"tags":[],"class_list":["post-32582","post","type-post","status-publish","format-standard","has-post-thumbnail","hentry","category-almomento","category-boletin","category-estado","category-health"],"_links":{"self":[{"href":"https:\/\/icoinformativo.mx\/home\/index.php?rest_route=\/wp\/v2\/posts\/32582","targetHints":{"allow":["GET"]}}],"collection":[{"href":"https:\/\/icoinformativo.mx\/home\/index.php?rest_route=\/wp\/v2\/posts"}],"about":[{"href":"https:\/\/icoinformativo.mx\/home\/index.php?rest_route=\/wp\/v2\/types\/post"}],"author":[{"embeddable":true,"href":"https:\/\/icoinformativo.mx\/home\/index.php?rest_route=\/wp\/v2\/users\/2"}],"replies":[{"embeddable":true,"href":"https:\/\/icoinformativo.mx\/home\/index.php?rest_route=%2Fwp%2Fv2%2Fcomments&post=32582"}],"version-history":[{"count":1,"href":"https:\/\/icoinformativo.mx\/home\/index.php?rest_route=\/wp\/v2\/posts\/32582\/revisions"}],"predecessor-version":[{"id":32584,"href":"https:\/\/icoinformativo.mx\/home\/index.php?rest_route=\/wp\/v2\/posts\/32582\/revisions\/32584"}],"wp:featuredmedia":[{"embeddable":true,"href":"https:\/\/icoinformativo.mx\/home\/index.php?rest_route=\/wp\/v2\/media\/32583"}],"wp:attachment":[{"href":"https:\/\/icoinformativo.mx\/home\/index.php?rest_route=%2Fwp%2Fv2%2Fmedia&parent=32582"}],"wp:term":[{"taxonomy":"category","embeddable":true,"href":"https:\/\/icoinformativo.mx\/home\/index.php?rest_route=%2Fwp%2Fv2%2Fcategories&post=32582"},{"taxonomy":"post_tag","embeddable":true,"href":"https:\/\/icoinformativo.mx\/home\/index.php?rest_route=%2Fwp%2Fv2%2Ftags&post=32582"}],"curies":[{"name":"wp","href":"https:\/\/api.w.org\/{rel}","templated":true}]}}