{"id":32564,"date":"2025-05-17T03:29:35","date_gmt":"2025-05-17T03:29:35","guid":{"rendered":"https:\/\/icoinformativo.mx\/home\/?p=32564"},"modified":"2025-05-17T03:29:35","modified_gmt":"2025-05-17T03:29:35","slug":"pasta-de-conchos-es-una-herida-en-el-corazon-de-mexico-que-estamos-sanando-entre-todos-y-todas-presidenta-claudia-sheinbaum-se-compromete-a-encontrar-a-todos-los-mineros","status":"publish","type":"post","link":"https:\/\/icoinformativo.mx\/home\/?p=32564","title":{"rendered":"Pasta de conchos es una herida en el coraz\u00f3n de M\u00e9xico que estamos sanando entre todos y todas: presidenta Claudia Sheinbaum se compromete a encontrar a todos los mineros"},"content":{"rendered":"<p>&nbsp;<\/p>\n<p>* De los 63 mineros de Pasta de Conchos, se han localizado a 21 e identificado a 13, cuyos restos ya fueron entregados a sus familiares<\/p>\n<p>* \u201cNo nos vamos a ir de aqu\u00ed hasta que encontremos a los 63 mineros, eso t\u00e9nganlo por seguro. Mientras yo sea Presidenta aqu\u00ed vamos a estar\u201d, asever\u00f3<\/p>\n<p>* Anunci\u00f3 un Programa de Reactivaci\u00f3n Econ\u00f3mica para la zona, con la implementaci\u00f3n de actividades econ\u00f3micas que no tengan que ver solamente con la miner\u00eda sino con actividades industriales, manufactureras, de servicios que puedan instalarse generar bienestar<\/p>\n<p>&nbsp;<\/p>\n<p>San Juan de Sabinas, Coahuila, 16 de mayo de 2025.- La Presidenta Claudia Sheinbaum Pardo afirm\u00f3 que Pasta de Conchos es una herida en el coraz\u00f3n de M\u00e9xico que, con el trabajo de todas y todos, se est\u00e1 sanando. Por ello se comprometi\u00f3 a que, durante su administraci\u00f3n, se realizar\u00e1n todos los esfuerzos necesarios para localizar los cuerpos de los mineros que a\u00fan no han sido recuperados, ya que actualmente, de 63 mineros, se han localizado 21 e identificado 13.<\/p>\n<p>&nbsp;<\/p>\n<p>\u201cHay veces que, y ese es el caso de Pasta de Conchos, que la herida no es solamente para las familias, sino es una herida en el coraz\u00f3n de M\u00e9xico y esa herida la estamos sanando poco a poco entre todas y todos y eso nos va a permitir siempre salir adelante\u201d, expres\u00f3 durante un encuentro con familiares de los mineros en la zona.<\/p>\n<p>&nbsp;<\/p>\n<p>Record\u00f3 que la reparaci\u00f3n integral del da\u00f1o comenz\u00f3 en el gobierno del expresidente Andr\u00e9s Manuel L\u00f3pez Obrador, y asegur\u00f3 que en su administraci\u00f3n continuar\u00e1n los trabajos para hacer justicia, recuperar la dignidad y reivindicar a todos los mineros de esta regi\u00f3n carbon\u00edfera tras los hechos ocurridos el 19 de febrero del 2006, por lo que regresar\u00e1 en seis meses para dar seguimiento a los avances en las labores.<\/p>\n<p>&nbsp;<\/p>\n<p>\u201cNo nos vamos a ir de aqu\u00ed hasta que encontremos a los 63 mineros, eso t\u00e9nganlo por seguro, mientras yo sea Presidenta aqu\u00ed vamos a estar y si nos reciben cada 6 meses vamos a estar hasta que encontremos a los 63 mineros\u201d, reiter\u00f3.<\/p>\n<p>&nbsp;<\/p>\n<p>Anunci\u00f3 que, junto al gobernador del estado, Manolo Jim\u00e9nez Salinas, se implementar\u00e1 un Programa de Reactivaci\u00f3n Econ\u00f3mica, mediante el cual se instalar\u00e1n actividades que no necesariamente est\u00e9n vinculadas a la miner\u00eda, tal como industriales, manufactureras y de servicio, con el objetivo de generar bienestar en la zona. Adem\u00e1s, se realizar\u00e1n acciones de repavimentaci\u00f3n y de infraestructura h\u00eddrica.<\/p>\n<p>&nbsp;<\/p>\n<p>Inform\u00f3 que el caso legal con la empresa Altos Hornos de M\u00e9xico (AHMSA) se encuentra en la \u00faltima fase, por lo que espera brindar una actualizaci\u00f3n sobre el tema en su pr\u00f3xima visita, con el objetivo de lograr justicia para las y los trabajadores afectados por el cierre de operaciones de dicha empresa.<\/p>\n<p>&nbsp;<\/p>\n<p>El secretario de Trabajo y Previsi\u00f3n Social, Marath Baruch Bola\u00f1os L\u00f3pez, precis\u00f3 que, en las \u00faltimas jornadas se han rescatado restos que, seg\u00fan an\u00e1lisis preliminares, corresponder\u00edan a al menos 7 mineros m\u00e1s, y se han localizado los restos de un minero adicional en proceso de recuperaci\u00f3n, para sumar, con los 13 mineros ya identificados y entregados a sus familiares, un total de 21. Tambi\u00e9n inform\u00f3 que se tiene un 35.8 por ciento de avance de trabajos y del 33 por ciento en la recuperaci\u00f3n de los 63 restos de mineros.<\/p>\n<p>&nbsp;<\/p>\n<p>Entre los apoyos brindados a las familias, destac\u00f3: la entrega de un complemento a las pensiones de viudez, de orfandad y a descendientes con discapacidad por parte del Instituto Mexicano del Seguro Social (IMSS) y del Instituto para Devolver al Pueblo lo Robado (INDEP) y con ello incrementar el monto al salario m\u00ednimo general de 8 mil 364 pesos. Adem\u00e1s, del acompa\u00f1amiento en el procedimiento de actualizaci\u00f3n de las actas de defunci\u00f3n, con ello, hasta el momento se han iniciado dos, cuatro est\u00e1n en proceso y siete que est\u00e1n iniciando. Y finalmente el proceso de entrega digna que junto a la Fiscal\u00eda General de la Rep\u00fablica (FGR) se ofrece transporte y en colaboraci\u00f3n de la Conferencia Interamericana de Seguridad Social se brinda la opci\u00f3n de hospedaje sin costo.<\/p>\n<p>&nbsp;<\/p>\n<p>La Directora General de la Comisi\u00f3n Federal de Electricidad (CFE), Emilia Esther Calleja Alor, inform\u00f3 que, como un acto humanitario de justicia social, desde hace cinco a\u00f1os un equipo de trabajo ha realizado acciones que han permitido un acceso subterr\u00e1neo seguro para realizar acciones con las que ya se lleva un 38 por ciento de avance, tales como:<\/p>\n<p>&nbsp;<\/p>\n<p>* La extracci\u00f3n de 220 mil toneladas de material, lo que es equivalente a nueve veces el peso de la Torre Latinoamericana de la Ciudad de M\u00e9xico.<\/p>\n<p>* Obras como: dos lumbreras de 160 metros de profundidad con sus respectivas galer\u00edas de aproximaci\u00f3n subterr\u00e1nea, con lo que se conecta la red de t\u00faneles ya existente en las minas; as\u00ed como dos rampas de mil 24 metros de longitud cada una.<\/p>\n<p>* Implementaci\u00f3n de un sistema de bombeo permanente con el que se han extra\u00eddo 200 millones de litros de agua.<\/p>\n<p>* Instalaci\u00f3n de sistemas de ventilaci\u00f3n y monitoreo para el control de gas metano, con los que se ha logrado reducir esta sustancia a 0.4 por ciento garantizando atm\u00f3sferas seguras para las labores.<\/p>\n<p>&nbsp;<\/p>\n<p>Los familiares de los mineros de Pasta de Conchos agradecieron a la Presidenta por la continuidad en los trabajos de recuperaci\u00f3n de sus familiares. \u201cHemos comenzado a cerrar una herida que llevaba m\u00e1s de dos d\u00e9cadas abierta\u201d, expres\u00f3 Hugo Alberto Ram\u00edrez Zamarr\u00f3n, hijo de uno de los mineros.<\/p>\n<p>&nbsp;<\/p>\n<p>El gobernador de Coahuila, Manolo Jim\u00e9nez Salinas, agradeci\u00f3 en nombre de todo el pueblo coahuilense por el apoyo que la Presidenta ha brindado a esta zona y asever\u00f3 que han hecho un gran equipo.<\/p>\n<p>&nbsp;<\/p>\n<p>La Presidenta de M\u00e9xico estuvo acompa\u00f1ada de la coordinadora nacional de Protecci\u00f3n Civil, Laura Vel\u00e1zquez Alz\u00faa; el secretario t\u00e9cnico de la Presidencia y coordinador de Programas para el Bienestar, Carlos Torres Rosas; la coordinadora general de Asuntos Intergubernamentales y Participaci\u00f3n Social de la Presidencia de la Rep\u00fablica, Leticia Ram\u00edrez Amaya y el director general del Instituto Mexicano del Seguro Social, Zo\u00e9 Robledo Aburto. As\u00ed como los familiares Tomasita Mart\u00ednez Almaguer y Mar\u00eda Guadalupe Hern\u00e1ndez Leyva.<\/p>\n","protected":false},"excerpt":{"rendered":"<p>&nbsp; * De los 63 mineros de Pasta de Conchos, se han localizado a 21&#8230;<\/p>\n","protected":false},"author":2,"featured_media":32565,"comment_status":"closed","ping_status":"closed","sticky":false,"template":"","format":"standard","meta":{"_joinchat":[],"footnotes":""},"categories":[18,1,2,3],"tags":[],"class_list":["post-32564","post","type-post","status-publish","format-standard","has-post-thumbnail","hentry","category-almomento","category-boletin","category-estado","category-health"],"_links":{"self":[{"href":"https:\/\/icoinformativo.mx\/home\/index.php?rest_route=\/wp\/v2\/posts\/32564","targetHints":{"allow":["GET"]}}],"collection":[{"href":"https:\/\/icoinformativo.mx\/home\/index.php?rest_route=\/wp\/v2\/posts"}],"about":[{"href":"https:\/\/icoinformativo.mx\/home\/index.php?rest_route=\/wp\/v2\/types\/post"}],"author":[{"embeddable":true,"href":"https:\/\/icoinformativo.mx\/home\/index.php?rest_route=\/wp\/v2\/users\/2"}],"replies":[{"embeddable":true,"href":"https:\/\/icoinformativo.mx\/home\/index.php?rest_route=%2Fwp%2Fv2%2Fcomments&post=32564"}],"version-history":[{"count":1,"href":"https:\/\/icoinformativo.mx\/home\/index.php?rest_route=\/wp\/v2\/posts\/32564\/revisions"}],"predecessor-version":[{"id":32566,"href":"https:\/\/icoinformativo.mx\/home\/index.php?rest_route=\/wp\/v2\/posts\/32564\/revisions\/32566"}],"wp:featuredmedia":[{"embeddable":true,"href":"https:\/\/icoinformativo.mx\/home\/index.php?rest_route=\/wp\/v2\/media\/32565"}],"wp:attachment":[{"href":"https:\/\/icoinformativo.mx\/home\/index.php?rest_route=%2Fwp%2Fv2%2Fmedia&parent=32564"}],"wp:term":[{"taxonomy":"category","embeddable":true,"href":"https:\/\/icoinformativo.mx\/home\/index.php?rest_route=%2Fwp%2Fv2%2Fcategories&post=32564"},{"taxonomy":"post_tag","embeddable":true,"href":"https:\/\/icoinformativo.mx\/home\/index.php?rest_route=%2Fwp%2Fv2%2Ftags&post=32564"}],"curies":[{"name":"wp","href":"https:\/\/api.w.org\/{rel}","templated":true}]}}