{"id":32558,"date":"2025-05-17T03:21:59","date_gmt":"2025-05-17T03:21:59","guid":{"rendered":"https:\/\/icoinformativo.mx\/home\/?p=32558"},"modified":"2025-05-17T03:21:59","modified_gmt":"2025-05-17T03:21:59","slug":"chiapas-comprometido-con-el-fortalecimiento-de-la-transparencia-y-rendicion-de-cuentas","status":"publish","type":"post","link":"https:\/\/icoinformativo.mx\/home\/?p=32558","title":{"rendered":"Chiapas, comprometido con el fortalecimiento de la transparencia y rendici\u00f3n de cuentas"},"content":{"rendered":"<p>&nbsp;<\/p>\n<p>&#8211; El gobernador Eduardo Ram\u00edrez particip\u00f3 en la sesi\u00f3n de la instalaci\u00f3n del Consejo del Sistema Nacional de Acceso a la Informaci\u00f3n P\u00fablica<\/p>\n<p>&nbsp;<\/p>\n<p>El gobernador Eduardo Ram\u00edrez Aguilar particip\u00f3 en la sesi\u00f3n de la instalaci\u00f3n del Consejo del Sistema Nacional de Acceso a la Informaci\u00f3n P\u00fablica, realizada de manera virtual por convocatoria de Raquel Buenrostro S\u00e1nchez, titular de la Secretar\u00eda Anticorrupci\u00f3n y Buen Gobierno del Gobierno Federal.<\/p>\n<p>&nbsp;<\/p>\n<p>Este encuentro tuvo como finalidad formalizar la constituci\u00f3n del Consejo y aprobar las Reglas de Operaci\u00f3n y Funcionamiento del Sistema Nacional, marcando un paso importante en el fortalecimiento de la transparencia, el acceso a la informaci\u00f3n y la rendici\u00f3n de cuentas a nivel nacional.<\/p>\n<p>&nbsp;<\/p>\n<p>La participaci\u00f3n de Chiapas en este proceso reafirma el compromiso del Estado con la consolidaci\u00f3n de instituciones abiertas, eficientes y cercanas a la ciudadan\u00eda, en el marco de una pol\u00edtica p\u00fablica orientada al combate a la corrupci\u00f3n y a garantizar el ejercicio pleno del derecho a la informaci\u00f3n.<\/p>\n<p>&nbsp;<\/p>\n<p>Durante la sesi\u00f3n, el mandatario estuvo acompa\u00f1ado por la secretaria Anticorrupci\u00f3n y Buen Gobierno de Chiapas, Ana Laura Romero Basurto.<\/p>\n","protected":false},"excerpt":{"rendered":"<p>&nbsp; &#8211; El gobernador Eduardo Ram\u00edrez particip\u00f3 en la sesi\u00f3n de la instalaci\u00f3n del Consejo&#8230;<\/p>\n","protected":false},"author":2,"featured_media":32559,"comment_status":"closed","ping_status":"closed","sticky":false,"template":"","format":"standard","meta":{"_joinchat":[],"footnotes":""},"categories":[18,1,2,3],"tags":[],"class_list":["post-32558","post","type-post","status-publish","format-standard","has-post-thumbnail","hentry","category-almomento","category-boletin","category-estado","category-health"],"_links":{"self":[{"href":"https:\/\/icoinformativo.mx\/home\/index.php?rest_route=\/wp\/v2\/posts\/32558","targetHints":{"allow":["GET"]}}],"collection":[{"href":"https:\/\/icoinformativo.mx\/home\/index.php?rest_route=\/wp\/v2\/posts"}],"about":[{"href":"https:\/\/icoinformativo.mx\/home\/index.php?rest_route=\/wp\/v2\/types\/post"}],"author":[{"embeddable":true,"href":"https:\/\/icoinformativo.mx\/home\/index.php?rest_route=\/wp\/v2\/users\/2"}],"replies":[{"embeddable":true,"href":"https:\/\/icoinformativo.mx\/home\/index.php?rest_route=%2Fwp%2Fv2%2Fcomments&post=32558"}],"version-history":[{"count":1,"href":"https:\/\/icoinformativo.mx\/home\/index.php?rest_route=\/wp\/v2\/posts\/32558\/revisions"}],"predecessor-version":[{"id":32560,"href":"https:\/\/icoinformativo.mx\/home\/index.php?rest_route=\/wp\/v2\/posts\/32558\/revisions\/32560"}],"wp:featuredmedia":[{"embeddable":true,"href":"https:\/\/icoinformativo.mx\/home\/index.php?rest_route=\/wp\/v2\/media\/32559"}],"wp:attachment":[{"href":"https:\/\/icoinformativo.mx\/home\/index.php?rest_route=%2Fwp%2Fv2%2Fmedia&parent=32558"}],"wp:term":[{"taxonomy":"category","embeddable":true,"href":"https:\/\/icoinformativo.mx\/home\/index.php?rest_route=%2Fwp%2Fv2%2Fcategories&post=32558"},{"taxonomy":"post_tag","embeddable":true,"href":"https:\/\/icoinformativo.mx\/home\/index.php?rest_route=%2Fwp%2Fv2%2Ftags&post=32558"}],"curies":[{"name":"wp","href":"https:\/\/api.w.org\/{rel}","templated":true}]}}