{"id":32553,"date":"2025-05-16T02:42:48","date_gmt":"2025-05-16T02:42:48","guid":{"rendered":"https:\/\/icoinformativo.mx\/home\/?p=32553"},"modified":"2025-05-16T02:42:48","modified_gmt":"2025-05-16T02:42:48","slug":"se-restablece-la-seccion-aduanera-en-ciudad-hidalgo-un-logro-historico-para-la-frontera-sur","status":"publish","type":"post","link":"https:\/\/icoinformativo.mx\/home\/?p=32553","title":{"rendered":"Se restablece la secci\u00f3n aduanera en Ciudad Hidalgo: un logro hist\u00f3rico para la Frontera Sur"},"content":{"rendered":"<p>&nbsp;<\/p>\n<p>La Secretar\u00eda de la Frontera Sur, encabezada por Mar\u00eda Amalia Toriello Elorza, celebra con gran satisfacci\u00f3n la publicaci\u00f3n, este 15 de mayo de 2025 en el Diario Oficial de la Federaci\u00f3n, del decreto que oficializa el retorno de la secci\u00f3n aduanera desde Salina Cruz, Oaxaca, a Ciudad Hidalgo, Chiapas.<\/p>\n<p>&nbsp;<\/p>\n<p>Esta decisi\u00f3n representa un logro clave para el desarrollo econ\u00f3mico, log\u00edstico y estrat\u00e9gico de nuestra regi\u00f3n, al reconocer el papel fundamental que desempe\u00f1a la frontera sur en el comercio internacional, la movilidad y la seguridad nacional.<\/p>\n<p>&nbsp;<\/p>\n<p>Este importante avance es el resultado de gestiones firmes y comprometidas encabezadas por el gobernador del Estado de Chiapas, Eduardo Ram\u00edrez Aguilar, quien ha mantenido como prioridad el fortalecimiento de nuestra infraestructura fronteriza.<\/p>\n<p>&nbsp;<\/p>\n<p>Asimismo, reconocemos y agradecemos profundamente el respaldo decidido de la presidenta de la Rep\u00fablica, Claudia Sheinbaum Pardo, cuya visi\u00f3n federalista y compromiso con el desarrollo del sur del pa\u00eds han sido fundamentales para hacer realidad esta medida hist\u00f3rica.<\/p>\n<p>&nbsp;<\/p>\n<p>\u201cEste decreto no solo devuelve funciones clave a Ciudad Hidalgo, sino que reafirma la importancia estrat\u00e9gica de Chiapas como puerta de M\u00e9xico hacia Centroam\u00e9rica. Es un paso hacia un desarrollo m\u00e1s justo, equitativo y con visi\u00f3n de largo plazo para la frontera sur,\u201d destac\u00f3 la secretaria Mar\u00eda Amalia Toriello.<\/p>\n<p>&nbsp;<\/p>\n<p>El restablecimiento de la secci\u00f3n aduanera impactar\u00e1 positivamente en diversos sectores:<\/p>\n<p>&nbsp;<\/p>\n<p>\u2022 Comercio internacional: mayor eficiencia y competitividad.<\/p>\n<p>\u2022 Generaci\u00f3n de empleos: aumento en la actividad econ\u00f3mica y log\u00edstica.<\/p>\n<p>\u2022 Desarrollo regional: impulso a la inversi\u00f3n y mejora en la conectividad.<\/p>\n<p>\u2022 Seguridad y control fronterizo: fortalecimiento institucional y operativo.<\/p>\n<p>&nbsp;<\/p>\n<p>Desde la Secretar\u00eda de la Frontera Sur refrendamos nuestro compromiso con el desarrollo integral, la justicia social y la prosperidad de todos los municipios fronterizos.<\/p>\n","protected":false},"excerpt":{"rendered":"<p>&nbsp; La Secretar\u00eda de la Frontera Sur, encabezada por Mar\u00eda Amalia Toriello Elorza, celebra con&#8230;<\/p>\n","protected":false},"author":2,"featured_media":32554,"comment_status":"closed","ping_status":"closed","sticky":false,"template":"","format":"standard","meta":{"_joinchat":[],"footnotes":""},"categories":[18,1,2,3],"tags":[],"class_list":["post-32553","post","type-post","status-publish","format-standard","has-post-thumbnail","hentry","category-almomento","category-boletin","category-estado","category-health"],"_links":{"self":[{"href":"https:\/\/icoinformativo.mx\/home\/index.php?rest_route=\/wp\/v2\/posts\/32553","targetHints":{"allow":["GET"]}}],"collection":[{"href":"https:\/\/icoinformativo.mx\/home\/index.php?rest_route=\/wp\/v2\/posts"}],"about":[{"href":"https:\/\/icoinformativo.mx\/home\/index.php?rest_route=\/wp\/v2\/types\/post"}],"author":[{"embeddable":true,"href":"https:\/\/icoinformativo.mx\/home\/index.php?rest_route=\/wp\/v2\/users\/2"}],"replies":[{"embeddable":true,"href":"https:\/\/icoinformativo.mx\/home\/index.php?rest_route=%2Fwp%2Fv2%2Fcomments&post=32553"}],"version-history":[{"count":1,"href":"https:\/\/icoinformativo.mx\/home\/index.php?rest_route=\/wp\/v2\/posts\/32553\/revisions"}],"predecessor-version":[{"id":32555,"href":"https:\/\/icoinformativo.mx\/home\/index.php?rest_route=\/wp\/v2\/posts\/32553\/revisions\/32555"}],"wp:featuredmedia":[{"embeddable":true,"href":"https:\/\/icoinformativo.mx\/home\/index.php?rest_route=\/wp\/v2\/media\/32554"}],"wp:attachment":[{"href":"https:\/\/icoinformativo.mx\/home\/index.php?rest_route=%2Fwp%2Fv2%2Fmedia&parent=32553"}],"wp:term":[{"taxonomy":"category","embeddable":true,"href":"https:\/\/icoinformativo.mx\/home\/index.php?rest_route=%2Fwp%2Fv2%2Fcategories&post=32553"},{"taxonomy":"post_tag","embeddable":true,"href":"https:\/\/icoinformativo.mx\/home\/index.php?rest_route=%2Fwp%2Fv2%2Ftags&post=32553"}],"curies":[{"name":"wp","href":"https:\/\/api.w.org\/{rel}","templated":true}]}}