{"id":32550,"date":"2025-05-16T02:40:02","date_gmt":"2025-05-16T02:40:02","guid":{"rendered":"https:\/\/icoinformativo.mx\/home\/?p=32550"},"modified":"2025-05-16T02:40:02","modified_gmt":"2025-05-16T02:40:02","slug":"gobierno-de-chiapas-reconoce-trayectoria-de-60-docentes-en-el-dia-de-la-maestra-y-el-maestro","status":"publish","type":"post","link":"https:\/\/icoinformativo.mx\/home\/?p=32550","title":{"rendered":"Gobierno de Chiapas reconoce trayectoria de 60 docentes en el \u00abD\u00eda de la Maestra y el Maestro\u00bb"},"content":{"rendered":"<p>&nbsp;<\/p>\n<p>\u2022 La paz y la educaci\u00f3n son ejes fundamentales en el gobierno de la Nueva ERA y en ese entendido estamos trabajando, para brindar resultados al magisterio en Chiapas: Roger Mandujano<\/p>\n<p>\u2022 Destacan a las y los maestros como grandes pilares del servicio educativo, importantes agentes de cambio en las comunidades y enormes aliados del Programa \u00abChiapas Puede\u00bb<\/p>\n<p>Tuxtla Guti\u00e9rrez.- El gobierno que encabeza Eduardo Ram\u00edrez Aguilar conmemor\u00f3 este jueves el \u00abD\u00eda de la Maestra y el Maestro\u00bb, honrando y reconociendo la trayectoria de 60 docentes chiapanecos que cuentan con 30, 40 y 50 a\u00f1os al servicio de la educaci\u00f3n.<\/p>\n<p>En un ambiente festivo y lleno de emotividad, este 15 de mayo fueron homenajeados 25 maestros y maestras con 30 a\u00f1os de labor docente, tanto del subsistema estatal como federal, a quienes se les hizo entrega de la medalla \u00abMtro. Rafael Ram\u00edrez Casta\u00f1eda\u00bb; as\u00ed como 18 maestras y maestros con 40 a\u00f1os de labor docente, quienes recibieron la medalla \u201cMtro. Ignacio Manuel Altamirano\u201d.<\/p>\n<p>De igual manera se le otorg\u00f3 la medalla \u201cProfesor Edgar Robledo Santiago\u201d a 14 maestras y maestros con 50 a\u00f1os de servicio en el sector educativo; adem\u00e1s de reconocerse la labor de dos docentes jubilados del subsistema estatal y entregarse un est\u00edmulo, as\u00ed como una medalla al maestro ganador del concurso de poes\u00eda \u00abJuegos Florales\u00bb.<\/p>\n<p>El acto estuvo encabezado por el secretario de Educaci\u00f3n, Roger Mandujano Ayala, en representaci\u00f3n del mandatario estatal, Eduardo Ram\u00edrez, acompa\u00f1ado por los subsecretarios de Educaci\u00f3n Estatal, Federal y de Planeaci\u00f3n Educativa, Gilberto de Santos Cruz, Alfredo Ram\u00edrez Guzm\u00e1n y Eduardo Grajales Gonz\u00e1lez, respectivamente.<\/p>\n<p>El titular de la Secretar\u00eda de Educaci\u00f3n reconoci\u00f3 en este marco la trayectoria y vocaci\u00f3n, as\u00ed como la labor imprescindible de las maestras y maestros de Chiapas, haciendo \u00e9nfasis en que la paz y la educaci\u00f3n son ejes fundamentales en el gobierno de la Nueva ERA.<\/p>\n<p>Recalc\u00f3 que, en ese entendido, se est\u00e1 trabajando arduamente para brindar resultados puntuales a sus peticiones con una transformaci\u00f3n de la Secretar\u00eda de Educaci\u00f3n, \u00abuna transformaci\u00f3n que es justa y necesaria; y que, adem\u00e1s, implica factores como la digitalizaci\u00f3n de todos los tr\u00e1mites a fin de evitar que se burocratice todo y que haya plena transparencia, resultados y un buen servicio para ustedes\u00bb.<\/p>\n<p>Aprovech\u00f3 el espacio para hacer un llamado a las maestras y maestros homenajeados para que motiven a los maestros m\u00e1s j\u00f3venes, a fin de que cuando vayan a las comunidades m\u00e1s alejadas lo hagan con decoro y dignidad pues, -dijo- es un \u00e1rea de gran aprendizaje, as\u00ed como a ense\u00f1arles a valorar la m\u00edstica de su labor y fomentarles el amor por la educaci\u00f3n.<\/p>\n<p>Finalmente, el titular exhort\u00f3 al magisterio chiapaneco a seguir educando con esa generosidad, compromiso y amor que los distingue, las mentes y corazones de las ni\u00f1as, ni\u00f1os y j\u00f3venes de Chiapas, a aprender de las escuelas m\u00e1s pobres, as\u00ed como a valorar la vida y la felicidad que hay en ellas.<\/p>\n<p>Por su parte, Gilberto de los Santos Cruz reconoci\u00f3 a los docentes como grandes pilares del sistema educativo e importantes agentes de cambio en sus comunidades, al ser formadores de muchas generaciones de ni\u00f1as y ni\u00f1os que hoy, se encuentran sirviendo desde diversas esferas en el estado de Chiapas.<\/p>\n<p>Reiter\u00f3 el compromiso de la Secretar\u00eda de Educaci\u00f3n para garantizar mejores condiciones de trabajo, la formaci\u00f3n continua y pol\u00edticas que los acompa\u00f1en, \u00abustedes son quienes ordenan el quehacer para mejorar la educaci\u00f3n en Chiapas, y nosotros nos comprometemos a trabajar para mejorar el rol que a cada uno le corresponde\u00bb.<\/p>\n<p>Para concluir, Eduardo Grajales Gonz\u00e1lez se sum\u00f3 al reconocimiento del trabajo que realiza el magisterio en Chiapas, haciendo especial \u00e9nfasis en las mujeres al servicio de la educaci\u00f3n y que a la par, atienden a sus familias; destacando a las y los docentes como enormes aliados del programa Chiapas Puede y de esta gran transformaci\u00f3n que ha planteado el gobernador para impulsar el desarrollo y mejorar la calidad de vida de los chiapanecos.<\/p>\n<p>Cabe destacar que en este acto se cont\u00f3 con la presencia de Oved Balderas Tovilla, secretario general de la Secci\u00f3n 40 del SNTE; Isael Gonz\u00e1lez V\u00e1zquez, secretario general de la Secci\u00f3n 7 del SNTE; Joaqu\u00edn Echeverr\u00eda Lara, representante del Comit\u00e9 Ejecutivo Nacional del SNTE de la Secci\u00f3n 40; Julio C\u00e9sar Luna Moreno, representante del Comit\u00e9 Ejecutivo Nacional del SNTE de la Secci\u00f3n 7; Silvia Esther Arg\u00fcello Garc\u00eda, presidenta de la Comisi\u00f3n de Educaci\u00f3n; y Ra\u00fal Bonifaz Moedano, titular de la Oficina de Enlace Educativo en el Estado de Chiapas.<\/p>\n<p>&nbsp;<\/p>\n<p>&nbsp;<\/p>\n<p>&nbsp;<\/p>\n<p>&nbsp;<\/p>\n<p>&nbsp;<\/p>\n<p>&nbsp;<\/p>\n<p>&nbsp;<\/p>\n<p>&nbsp;<\/p>\n<p>&nbsp;<\/p>\n<p>&nbsp;<\/p>\n<p>&nbsp;<\/p>\n<p>&nbsp;<\/p>\n<p>&nbsp;<\/p>\n<p>&nbsp;<\/p>\n","protected":false},"excerpt":{"rendered":"<p>&nbsp; \u2022 La paz y la educaci\u00f3n son ejes fundamentales en el gobierno de la&#8230;<\/p>\n","protected":false},"author":2,"featured_media":32551,"comment_status":"closed","ping_status":"closed","sticky":false,"template":"","format":"standard","meta":{"_joinchat":[],"footnotes":""},"categories":[18,1,2,3],"tags":[],"class_list":["post-32550","post","type-post","status-publish","format-standard","has-post-thumbnail","hentry","category-almomento","category-boletin","category-estado","category-health"],"_links":{"self":[{"href":"https:\/\/icoinformativo.mx\/home\/index.php?rest_route=\/wp\/v2\/posts\/32550","targetHints":{"allow":["GET"]}}],"collection":[{"href":"https:\/\/icoinformativo.mx\/home\/index.php?rest_route=\/wp\/v2\/posts"}],"about":[{"href":"https:\/\/icoinformativo.mx\/home\/index.php?rest_route=\/wp\/v2\/types\/post"}],"author":[{"embeddable":true,"href":"https:\/\/icoinformativo.mx\/home\/index.php?rest_route=\/wp\/v2\/users\/2"}],"replies":[{"embeddable":true,"href":"https:\/\/icoinformativo.mx\/home\/index.php?rest_route=%2Fwp%2Fv2%2Fcomments&post=32550"}],"version-history":[{"count":1,"href":"https:\/\/icoinformativo.mx\/home\/index.php?rest_route=\/wp\/v2\/posts\/32550\/revisions"}],"predecessor-version":[{"id":32552,"href":"https:\/\/icoinformativo.mx\/home\/index.php?rest_route=\/wp\/v2\/posts\/32550\/revisions\/32552"}],"wp:featuredmedia":[{"embeddable":true,"href":"https:\/\/icoinformativo.mx\/home\/index.php?rest_route=\/wp\/v2\/media\/32551"}],"wp:attachment":[{"href":"https:\/\/icoinformativo.mx\/home\/index.php?rest_route=%2Fwp%2Fv2%2Fmedia&parent=32550"}],"wp:term":[{"taxonomy":"category","embeddable":true,"href":"https:\/\/icoinformativo.mx\/home\/index.php?rest_route=%2Fwp%2Fv2%2Fcategories&post=32550"},{"taxonomy":"post_tag","embeddable":true,"href":"https:\/\/icoinformativo.mx\/home\/index.php?rest_route=%2Fwp%2Fv2%2Ftags&post=32550"}],"curies":[{"name":"wp","href":"https:\/\/api.w.org\/{rel}","templated":true}]}}