{"id":32547,"date":"2025-05-16T02:36:39","date_gmt":"2025-05-16T02:36:39","guid":{"rendered":"https:\/\/icoinformativo.mx\/home\/?p=32547"},"modified":"2025-05-16T02:36:39","modified_gmt":"2025-05-16T02:36:39","slug":"coneculta-y-ayuntamiento-de-comitan-conmemoraran-el-centenario-del-natalicio-de-rosario-castellanos","status":"publish","type":"post","link":"https:\/\/icoinformativo.mx\/home\/?p=32547","title":{"rendered":"Coneculta y Ayuntamiento de Comit\u00e1n conmemorar\u00e1n el centenario del natalicio de Rosario Castellanos"},"content":{"rendered":"<p>&nbsp;<\/p>\n<p>\u00b7 La escritora ser\u00e1 recordada con 29 actividades art\u00edsticas en honor a su legado<\/p>\n<p>&nbsp;<\/p>\n<p>Tuxtla Guti\u00e9rrez, Chiapas. \u2013 El Gobierno del Estado de Chiapas, a trav\u00e9s del Consejo Estatal para las Culturas y las Artes (Coneculta), en coordinaci\u00f3n con el Ayuntamiento de Comit\u00e1n de Dom\u00ednguez, conmemorar\u00e1n el centenario del natalicio de Rosario Castellanos Figueroa (25 de mayo de 1925-7 de agosto de 1974), considerada una de las figuras m\u00e1s importantes de la literatura mexicana del siglo XX.<\/p>\n<p>&nbsp;<\/p>\n<p>El programa art\u00edstico y cultural \u201c100 a\u00f1os de Rosario Castellanos Figueroa\u201d, se llevar\u00e1 a cabo del 21 al 26 de mayo de 2025 en diversos espacios de Comit\u00e1n de Dom\u00ednguez, con el objetivo de difundir la vida y obra de la autora de Oficio de tinieblas, adem\u00e1s de reflexionar sobre su propuesta literaria que abarc\u00f3 g\u00e9neros como la poes\u00eda, la narrativa, el cuento y el ensayo.<\/p>\n<p>&nbsp;<\/p>\n<p>Ang\u00e9lica Altuzar Constantino, directora general del Coneculta, se\u00f1al\u00f3 que esta conmemoraci\u00f3n representa un acto de memoria hacia una autora que supo dar voz a las mujeres, a los pueblos originarios y a las complejidades del panorama cultural mexicano.<\/p>\n<p>&nbsp;<\/p>\n<p>\u201cPlasm\u00f3 con fuerza po\u00e9tica y rigor intelectual las tensiones sociales, culturales y de g\u00e9nero. Su legado permanecer\u00e1 vigente por su capacidad de iluminar y transformar con las palabras\u201d, se\u00f1al\u00f3.<\/p>\n<p>&nbsp;<\/p>\n<p>El programa incluir\u00e1 alrededor de 29 actividades dirigidas a los p\u00fablicos infantil y general, integradas por presentaciones literarias y teatrales, recital po\u00e9tico, proyecci\u00f3n de cortometraje, conciertos, charlas, conversatorios, muestra gastron\u00f3mica, exposici\u00f3n pict\u00f3rica y talleres que resaltan la obra de la autora.<\/p>\n<p>&nbsp;<\/p>\n<p>Participar\u00e1n distinguidas escritoras, escritores, periodistas y promotores culturales chiapanecos, en sedes como los museos Rosario Castellanos y Hermila Dom\u00ednguez de Castellanos, el Centro Cultural Rosario Castellanos, el Parque Central, la Universidad Nacional Rosario Castellanos, el Teatro de la Ciudad Junchav\u00edn, la Iglesia del Rosario y el Auditorio Doctor Belisario Dom\u00ednguez Palencia.<\/p>\n<p>&nbsp;<\/p>\n<p>En el marco de esta conmemoraci\u00f3n se otorgar\u00e1 la Medalla Bal\u00fan Can\u00e1n al poeta \u00d3scar Oliva Ru\u00edz, autor de Escrito en Tuxtla, Premio Chiapas y Medalla Rosario Castellanos. Adem\u00e1s, la Banda de M\u00fasica de la VII Regi\u00f3n Militar ofrecer\u00e1 el concierto de gala \u201cRosario de luz: misterios gozosos\u201d, el lunes 26 de mayo a partir de las 18:00 horas, en el Auditorio de la Universidad Aut\u00f3noma de Chiapas, campus VIII Comit\u00e1n.<\/p>\n<p>&nbsp;<\/p>\n<p>Para consultar la programaci\u00f3n completa visita las redes sociales oficiales y la p\u00e1gina web de Coneculta: www.conecultachiapas.gob.mx<\/p>\n","protected":false},"excerpt":{"rendered":"<p>&nbsp; \u00b7 La escritora ser\u00e1 recordada con 29 actividades art\u00edsticas en honor a su legado&#8230;<\/p>\n","protected":false},"author":2,"featured_media":32548,"comment_status":"closed","ping_status":"closed","sticky":false,"template":"","format":"standard","meta":{"_joinchat":[],"footnotes":""},"categories":[18,1,2,3],"tags":[],"class_list":["post-32547","post","type-post","status-publish","format-standard","has-post-thumbnail","hentry","category-almomento","category-boletin","category-estado","category-health"],"_links":{"self":[{"href":"https:\/\/icoinformativo.mx\/home\/index.php?rest_route=\/wp\/v2\/posts\/32547","targetHints":{"allow":["GET"]}}],"collection":[{"href":"https:\/\/icoinformativo.mx\/home\/index.php?rest_route=\/wp\/v2\/posts"}],"about":[{"href":"https:\/\/icoinformativo.mx\/home\/index.php?rest_route=\/wp\/v2\/types\/post"}],"author":[{"embeddable":true,"href":"https:\/\/icoinformativo.mx\/home\/index.php?rest_route=\/wp\/v2\/users\/2"}],"replies":[{"embeddable":true,"href":"https:\/\/icoinformativo.mx\/home\/index.php?rest_route=%2Fwp%2Fv2%2Fcomments&post=32547"}],"version-history":[{"count":1,"href":"https:\/\/icoinformativo.mx\/home\/index.php?rest_route=\/wp\/v2\/posts\/32547\/revisions"}],"predecessor-version":[{"id":32549,"href":"https:\/\/icoinformativo.mx\/home\/index.php?rest_route=\/wp\/v2\/posts\/32547\/revisions\/32549"}],"wp:featuredmedia":[{"embeddable":true,"href":"https:\/\/icoinformativo.mx\/home\/index.php?rest_route=\/wp\/v2\/media\/32548"}],"wp:attachment":[{"href":"https:\/\/icoinformativo.mx\/home\/index.php?rest_route=%2Fwp%2Fv2%2Fmedia&parent=32547"}],"wp:term":[{"taxonomy":"category","embeddable":true,"href":"https:\/\/icoinformativo.mx\/home\/index.php?rest_route=%2Fwp%2Fv2%2Fcategories&post=32547"},{"taxonomy":"post_tag","embeddable":true,"href":"https:\/\/icoinformativo.mx\/home\/index.php?rest_route=%2Fwp%2Fv2%2Ftags&post=32547"}],"curies":[{"name":"wp","href":"https:\/\/api.w.org\/{rel}","templated":true}]}}