{"id":32529,"date":"2025-05-15T03:38:58","date_gmt":"2025-05-15T03:38:58","guid":{"rendered":"https:\/\/icoinformativo.mx\/home\/?p=32529"},"modified":"2025-05-15T03:38:58","modified_gmt":"2025-05-15T03:38:58","slug":"instituto-de-la-consejeria-juridica-y-universidad-catolica-de-chiapas-juan-pablo-ii-firman-convenio-de-colaboracion","status":"publish","type":"post","link":"https:\/\/icoinformativo.mx\/home\/?p=32529","title":{"rendered":"Instituto de la Consejer\u00eda Jur\u00eddica y Universidad Cat\u00f3lica de Chiapas \u201cJuan Pablo II\u201d firman Convenio de Colaboraci\u00f3n"},"content":{"rendered":"<p>&nbsp;<\/p>\n<p>\u2022 Instituciones buscan acuerdo para beneficiar a la comunidad estudiantil y a las personas servidoras p\u00fablicas a trav\u00e9s de acciones colaborativas<\/p>\n<p>Con el objetivo de fortalecer la vinculaci\u00f3n interinstitucional y fomentar el desarrollo acad\u00e9mico y profesional, el Instituto de la Consejer\u00eda Jur\u00eddica del Gobierno del Estado y la Universidad Cat\u00f3lica de Chiapas \u201cJuan Pablo II\u201d, firmaron un importante convenio de colaboraci\u00f3n.<\/p>\n<p>Este instrumento jur\u00eddico tiene como finalidad impulsar acciones conjuntas en materia de formaci\u00f3n, capacitaci\u00f3n, investigaci\u00f3n y desarrollo de proyectos que beneficien tanto a la comunidad estudiantil como a las personas servidoras p\u00fablicas, generando as\u00ed un impacto positivo en el \u00e1mbito jur\u00eddico y social del estado.<\/p>\n<p>La firma del convenio estuvo al frente del consejero jur\u00eddico del Gobierno del Estado, Guillermo Nieto Arreola, y el rector de la Universidad Cat\u00f3lica de Chiapas, Felipe Ruiz P\u00e9rez, quienes destacaron la importancia de trabajar de manera coordinada para fortalecer el conocimiento, la pr\u00e1ctica jur\u00eddica y la formaci\u00f3n integral de futuras personas profesionales para el bien del estado de Chiapas.<\/p>\n<p>&nbsp;<\/p>\n<p>&nbsp;<\/p>\n<p>&nbsp;<\/p>\n<p>&nbsp;<\/p>\n<p>&nbsp;<\/p>\n","protected":false},"excerpt":{"rendered":"<p>&nbsp; \u2022 Instituciones buscan acuerdo para beneficiar a la comunidad estudiantil y a las personas&#8230;<\/p>\n","protected":false},"author":2,"featured_media":32530,"comment_status":"closed","ping_status":"closed","sticky":false,"template":"","format":"standard","meta":{"_joinchat":[],"footnotes":""},"categories":[18,1,2,3],"tags":[],"class_list":["post-32529","post","type-post","status-publish","format-standard","has-post-thumbnail","hentry","category-almomento","category-boletin","category-estado","category-health"],"_links":{"self":[{"href":"https:\/\/icoinformativo.mx\/home\/index.php?rest_route=\/wp\/v2\/posts\/32529","targetHints":{"allow":["GET"]}}],"collection":[{"href":"https:\/\/icoinformativo.mx\/home\/index.php?rest_route=\/wp\/v2\/posts"}],"about":[{"href":"https:\/\/icoinformativo.mx\/home\/index.php?rest_route=\/wp\/v2\/types\/post"}],"author":[{"embeddable":true,"href":"https:\/\/icoinformativo.mx\/home\/index.php?rest_route=\/wp\/v2\/users\/2"}],"replies":[{"embeddable":true,"href":"https:\/\/icoinformativo.mx\/home\/index.php?rest_route=%2Fwp%2Fv2%2Fcomments&post=32529"}],"version-history":[{"count":1,"href":"https:\/\/icoinformativo.mx\/home\/index.php?rest_route=\/wp\/v2\/posts\/32529\/revisions"}],"predecessor-version":[{"id":32531,"href":"https:\/\/icoinformativo.mx\/home\/index.php?rest_route=\/wp\/v2\/posts\/32529\/revisions\/32531"}],"wp:featuredmedia":[{"embeddable":true,"href":"https:\/\/icoinformativo.mx\/home\/index.php?rest_route=\/wp\/v2\/media\/32530"}],"wp:attachment":[{"href":"https:\/\/icoinformativo.mx\/home\/index.php?rest_route=%2Fwp%2Fv2%2Fmedia&parent=32529"}],"wp:term":[{"taxonomy":"category","embeddable":true,"href":"https:\/\/icoinformativo.mx\/home\/index.php?rest_route=%2Fwp%2Fv2%2Fcategories&post=32529"},{"taxonomy":"post_tag","embeddable":true,"href":"https:\/\/icoinformativo.mx\/home\/index.php?rest_route=%2Fwp%2Fv2%2Ftags&post=32529"}],"curies":[{"name":"wp","href":"https:\/\/api.w.org\/{rel}","templated":true}]}}