{"id":32526,"date":"2025-05-15T03:36:00","date_gmt":"2025-05-15T03:36:00","guid":{"rendered":"https:\/\/icoinformativo.mx\/home\/?p=32526"},"modified":"2025-05-15T03:36:01","modified_gmt":"2025-05-15T03:36:01","slug":"festejan-el-dia-del-trabajador-del-colegio-de-bachilleresde-chiapas-a","status":"publish","type":"post","link":"https:\/\/icoinformativo.mx\/home\/?p=32526","title":{"rendered":"Festejan el D\u00eda del Trabajador del Colegio de Bachilleresde Chiapas a"},"content":{"rendered":"<p>&nbsp;<\/p>\n<p>\u2022 En la Nueva Era de la Educaci\u00f3n, el director general del Cobach, Miguel Prado de los Santos, reconoci\u00f3 el compromiso y dedicaci\u00f3n de quienes laboran en esta instituci\u00f3n educativa<\/p>\n<p>Tapachula, Chiapas; 14 de mayo. &#8211; En el marco del D\u00eda del Trabajador del Colegio de Bachilleres de Chiapas (Cobach), el director general, Miguel Prado de los Santos, festej\u00f3 con el personal que labora en esta instituci\u00f3n educativa, reconociendo el compromiso y dedicaci\u00f3n de quienes durante muchos a\u00f1os han formado directa e indirectamente a generaciones de estudiantes.<\/p>\n<p>\u201cPara las y los trabajadores del Cobach cada 15 de mayo es una fecha especial, donde se honra el desempe\u00f1o de cada uno de los colaboradores que contribuyen al crecimiento de esta instituci\u00f3n en bien de las y los alumnos, por ello en la Nueva Era de la educaci\u00f3n en Chiapas y desde este lugar, enviamos nuestras m\u00e1s sinceras felicitaciones y hacemos votos para que su trabajo sea siempre reconocido\u201d, se\u00f1al\u00f3 desde la ciudad de Tapachula, en donde estuvo acompa\u00f1ado por el presidente municipal, Yamil Melgar Bravo.<\/p>\n<p>Ante la presencia de cientos de docentes y administrativos que integran la Coordinaci\u00f3n de Zona Costa, el titular del Cobach comparti\u00f3 el benepl\u00e1cito por esta fecha destacando la entrega diaria y su responsabilidad, la cual -dijo- ha sido fundamental para posicionar a la instituci\u00f3n como la m\u00e1s grande en su tipo y a la fecha sigue siendo de las preferidas de la sociedad chiapaneca.<\/p>\n<p>Durante el evento se llev\u00f3 a cabo la entrega de reconocimientos entre otras actividades que en medio de un ambiente festivo fortalecieron las buenas relaciones entre las y los asistentes, adem\u00e1s de reiterar el respeto a los derechos de las y los trabajadores, as\u00ed como a las organizaciones sindicales que existen al interior de la instituci\u00f3n.<\/p>\n<p>El Cobach contin\u00faa consolid\u00e1ndose como un referente educativo en Chiapas, gracias al trabajo conjunto y a la pasi\u00f3n que caracteriza a cada uno de sus colaboradores, quienes d\u00eda a d\u00eda contribuyen a la formaci\u00f3n de miles de j\u00f3venes chiapanecos y ahora, durante esta administraci\u00f3n, tambi\u00e9n se suman al programa de alfabetizaci\u00f3n m\u00e1s grande en la historia de la entidad, Chiapas Puede, para que m\u00e1s chiapanecas y chiapanecos de diferentes edades aprendan a leer y a escribir.<\/p>\n<p>&nbsp;<\/p>\n<p>&nbsp;<\/p>\n<p>&nbsp;<\/p>\n<p>&nbsp;<\/p>\n<p>&nbsp;<\/p>\n<p>&nbsp;<\/p>\n<p>&nbsp;<\/p>\n<p>&nbsp;<\/p>\n","protected":false},"excerpt":{"rendered":"<p>&nbsp; \u2022 En la Nueva Era de la Educaci\u00f3n, el director general del Cobach, Miguel&#8230;<\/p>\n","protected":false},"author":2,"featured_media":32527,"comment_status":"closed","ping_status":"closed","sticky":false,"template":"","format":"standard","meta":{"_joinchat":[],"footnotes":""},"categories":[18,1,2,3],"tags":[],"class_list":["post-32526","post","type-post","status-publish","format-standard","has-post-thumbnail","hentry","category-almomento","category-boletin","category-estado","category-health"],"_links":{"self":[{"href":"https:\/\/icoinformativo.mx\/home\/index.php?rest_route=\/wp\/v2\/posts\/32526","targetHints":{"allow":["GET"]}}],"collection":[{"href":"https:\/\/icoinformativo.mx\/home\/index.php?rest_route=\/wp\/v2\/posts"}],"about":[{"href":"https:\/\/icoinformativo.mx\/home\/index.php?rest_route=\/wp\/v2\/types\/post"}],"author":[{"embeddable":true,"href":"https:\/\/icoinformativo.mx\/home\/index.php?rest_route=\/wp\/v2\/users\/2"}],"replies":[{"embeddable":true,"href":"https:\/\/icoinformativo.mx\/home\/index.php?rest_route=%2Fwp%2Fv2%2Fcomments&post=32526"}],"version-history":[{"count":1,"href":"https:\/\/icoinformativo.mx\/home\/index.php?rest_route=\/wp\/v2\/posts\/32526\/revisions"}],"predecessor-version":[{"id":32528,"href":"https:\/\/icoinformativo.mx\/home\/index.php?rest_route=\/wp\/v2\/posts\/32526\/revisions\/32528"}],"wp:featuredmedia":[{"embeddable":true,"href":"https:\/\/icoinformativo.mx\/home\/index.php?rest_route=\/wp\/v2\/media\/32527"}],"wp:attachment":[{"href":"https:\/\/icoinformativo.mx\/home\/index.php?rest_route=%2Fwp%2Fv2%2Fmedia&parent=32526"}],"wp:term":[{"taxonomy":"category","embeddable":true,"href":"https:\/\/icoinformativo.mx\/home\/index.php?rest_route=%2Fwp%2Fv2%2Fcategories&post=32526"},{"taxonomy":"post_tag","embeddable":true,"href":"https:\/\/icoinformativo.mx\/home\/index.php?rest_route=%2Fwp%2Fv2%2Ftags&post=32526"}],"curies":[{"name":"wp","href":"https:\/\/api.w.org\/{rel}","templated":true}]}}