{"id":32520,"date":"2025-05-15T03:30:01","date_gmt":"2025-05-15T03:30:01","guid":{"rendered":"https:\/\/icoinformativo.mx\/home\/?p=32520"},"modified":"2025-05-15T03:30:01","modified_gmt":"2025-05-15T03:30:01","slug":"icatech-celebra-primera-sesion-ordinaria-de-la-junta-directiva","status":"publish","type":"post","link":"https:\/\/icoinformativo.mx\/home\/?p=32520","title":{"rendered":"Icatech celebra Primera Sesi\u00f3n Ordinaria de la Junta Directiva"},"content":{"rendered":"<div id=\"m_textViewLayer\" class=\"layer\">\n<div id=\"m_content\">\n<div id=\"pc1\">\n<div id=\"p1\">\n<div>\u00b7 El director general, C\u00e9sar Espinosa, reiter\u00f3 el compromiso asumido con la ciudadan\u00eda para continuar impulsando programas de capacitaci\u00f3n que transforman vidas<\/div>\n<div><\/div>\n<div><\/div>\n<div>Tuxtla Guti\u00e9rrez, Chiapas.- Con el firme prop\u00f3sito de fortalecer la transparencia y rendici\u00f3n\u00a0de cuentas, se llev\u00f3 a cabo la Primera Sesi\u00f3n Ordinaria de la Junta Directiva del Instituto de\u00a0Capacitaci\u00f3n y Vinculaci\u00f3n Tecnol\u00f3gica del Estado de Chiapas (Icatech), encabezada por el\u00a0director general, C\u00e9sar Espinosa. Durante el encuentro se compartieron los avances m\u00e1s\u00a0relevantes en las distintas \u00e1reas de trabajo del Instituto, correspondientes al periodo actual\u00a0de la administraci\u00f3n.<\/div>\n<div><\/div>\n<div>En su intervenci\u00f3n, C\u00e9sar Espinosa destac\u00f3 los logros obtenidos gracias al esfuerzo conjunto\u00a0de todo el equipo del Icatech, as\u00ed como el compromiso asumido con la ciudadan\u00eda\u00a0chiapaneca para continuar impulsando programas de capacitaci\u00f3n que transformen vidas,\u00a0tal y como lo encomendara el gobernador Eduardo Ram\u00edrez al inicio de su administraci\u00f3n.<\/div>\n<div><\/div>\n<div>\u201cHemos asumido el compromiso con Chiapas para llevar las herramientas de la capacitaci\u00f3n\u00a0a las y los chiapanecos. Estamos comprometidos con la Nueva ERA a llevar la capacitaci\u00f3n y\u00a0certificaci\u00f3n constante como instrumentos que brinden a las personas las herramientas\u00a0necesarias para crecer personal y profesionalmente\u201d, mencion\u00f3.<\/div>\n<div><\/div>\n<div>Por su parte, los miembros de la Junta Directiva reconocieron el trabajo realizado y\u00a0expresaron su respaldo para continuar con una agenda de innovaci\u00f3n y vinculaci\u00f3n, que\u00a0permita ampliar el alcance del Instituto en todo el territorio estatal.<\/div>\n<div><\/div>\n<div>Cabe se\u00f1alar que este encuentro no solo fue un ejercicio institucional de evaluaci\u00f3n y\u00a0presentaci\u00f3n, sino tambi\u00e9n un momento para reafirmar el compromiso con el presente y el\u00a0futuro de Chiapas.<\/div>\n<\/div>\n<hr class=\"pageHrV2\" \/>\n<\/div>\n<\/div>\n<\/div>\n","protected":false},"excerpt":{"rendered":"<p>\u00b7 El director general, C\u00e9sar Espinosa, reiter\u00f3 el compromiso asumido con la ciudadan\u00eda para continuar&#8230;<\/p>\n","protected":false},"author":2,"featured_media":32521,"comment_status":"closed","ping_status":"closed","sticky":false,"template":"","format":"standard","meta":{"_joinchat":[],"footnotes":""},"categories":[18,1,2,3],"tags":[],"class_list":["post-32520","post","type-post","status-publish","format-standard","has-post-thumbnail","hentry","category-almomento","category-boletin","category-estado","category-health"],"_links":{"self":[{"href":"https:\/\/icoinformativo.mx\/home\/index.php?rest_route=\/wp\/v2\/posts\/32520","targetHints":{"allow":["GET"]}}],"collection":[{"href":"https:\/\/icoinformativo.mx\/home\/index.php?rest_route=\/wp\/v2\/posts"}],"about":[{"href":"https:\/\/icoinformativo.mx\/home\/index.php?rest_route=\/wp\/v2\/types\/post"}],"author":[{"embeddable":true,"href":"https:\/\/icoinformativo.mx\/home\/index.php?rest_route=\/wp\/v2\/users\/2"}],"replies":[{"embeddable":true,"href":"https:\/\/icoinformativo.mx\/home\/index.php?rest_route=%2Fwp%2Fv2%2Fcomments&post=32520"}],"version-history":[{"count":1,"href":"https:\/\/icoinformativo.mx\/home\/index.php?rest_route=\/wp\/v2\/posts\/32520\/revisions"}],"predecessor-version":[{"id":32522,"href":"https:\/\/icoinformativo.mx\/home\/index.php?rest_route=\/wp\/v2\/posts\/32520\/revisions\/32522"}],"wp:featuredmedia":[{"embeddable":true,"href":"https:\/\/icoinformativo.mx\/home\/index.php?rest_route=\/wp\/v2\/media\/32521"}],"wp:attachment":[{"href":"https:\/\/icoinformativo.mx\/home\/index.php?rest_route=%2Fwp%2Fv2%2Fmedia&parent=32520"}],"wp:term":[{"taxonomy":"category","embeddable":true,"href":"https:\/\/icoinformativo.mx\/home\/index.php?rest_route=%2Fwp%2Fv2%2Fcategories&post=32520"},{"taxonomy":"post_tag","embeddable":true,"href":"https:\/\/icoinformativo.mx\/home\/index.php?rest_route=%2Fwp%2Fv2%2Ftags&post=32520"}],"curies":[{"name":"wp","href":"https:\/\/api.w.org\/{rel}","templated":true}]}}