{"id":32517,"date":"2025-05-15T03:27:07","date_gmt":"2025-05-15T03:27:07","guid":{"rendered":"https:\/\/icoinformativo.mx\/home\/?p=32517"},"modified":"2025-05-15T03:27:07","modified_gmt":"2025-05-15T03:27:07","slug":"cecyt-43-la-laguna-realiza-su-primera-produccion-de-lechuga-hidroponica","status":"publish","type":"post","link":"https:\/\/icoinformativo.mx\/home\/?p=32517","title":{"rendered":"CECyT 43 La Laguna realiza su primera producci\u00f3n de lechuga\u00a0hidrop\u00f3nica"},"content":{"rendered":"<div id=\"m_toolbarLayer\" class=\"layer\"><\/div>\n<div id=\"m_textViewLayer\" class=\"layer\">\n<div id=\"m_content\">\n<div id=\"pc1\">\n<div id=\"p1\">\n<ul>\n<li>\n<div>\u00b7 Fomentan la sostenibilidad, el aprendizaje t\u00e9cnico y la conciencia ambiental a trav\u00e9s\u00a0de proyectos productivos con impacto social<\/div>\n<\/li>\n<li>\n<div>\u00b7 Con el acompa\u00f1amiento de docentes y el respaldo institucional, alumnas y alumnos\u00a0del Plantel 43 lograron recolectar su primera producci\u00f3n hidrop\u00f3nica en Altamirano<\/div>\n<\/li>\n<\/ul>\n<div><\/div>\n<div>Altamirano, Chiapas.\u2014 Con el objetivo de promover el desarrollo econ\u00f3mico y rural a trav\u00e9s\u00a0de la agricultura sostenible, las y los alumnos de la carrera de T\u00e9cnico Forestal del Colegio\u00a0de Estudios Cient\u00edficos y Tecnol\u00f3gicos del Estado de Chiapas (Cecytech) Plantel 43 La Laguna,\u00a0municipio de Altamirano, realizaron con \u00e9xito la primera recolecci\u00f3n de una importante\u00a0cosecha de lechuga hidrop\u00f3nica, resultado de meses de preparaci\u00f3n y trabajo colaborativo.<\/div>\n<div>Al respecto, la directora del plantel, Rosi Esmeralda Z\u00fa\u00f1iga V\u00e1zquez, explic\u00f3 que estos\u00a0proyectos forman parte del modelo educativo de la Nueva Escuela Mexicana, que impulsa\u00a0el aprendizaje pr\u00e1ctico, vinculado a las necesidades del entorno.<\/div>\n<div>Destac\u00f3 que la implementaci\u00f3n de t\u00e9cnicas hidrop\u00f3nicas no solo permite a las y los\u00a0estudiantes adquirir habilidades t\u00e9cnicas de vanguardia, sino tambi\u00e9n desarrollar valores\u00a0como la responsabilidad, el trabajo en equipo y el respeto al medio ambiente.<\/div>\n<div>Asimismo, agradeci\u00f3 profundamente el acompa\u00f1amiento de los asesores del proyecto,\u00a0Juli\u00e1n Mar\u00edn Estrada y Audrey Luc\u00eda Cruz Gonz\u00e1lez, quienes han estado al frente de estas\u00a0actividades con dedicaci\u00f3n y compromiso.<\/div>\n<div>De igual forma, reconoci\u00f3 el respaldo del director general del Cecytech, Luis Guadalupe\u00a0Morales \u00c1ngeles, ya que, gracias a su gesti\u00f3n y visi\u00f3n educativa se ha podido fortalecer el\u00a0equipamiento del invernadero y consolidar espacios de aprendizaje que integran la teor\u00eda\u00a0con la pr\u00e1ctica.<\/div>\n<div>Finalmente, esta pr\u00e1ctica ayud\u00f3 a que las y los j\u00f3venes aprendieran m\u00e9todos de agricultura\u00a0sostenible, alineados con los Objetivos de Desarrollo Sostenible (ODS), los cuales buscan\u00a0promover una conciencia ecol\u00f3gica y necesaria para responder a los retos del siglo XXI.<\/div>\n<\/div>\n<hr class=\"pageHrV2\" \/>\n<\/div>\n<\/div>\n<\/div>\n","protected":false},"excerpt":{"rendered":"<p>\u00b7 Fomentan la sostenibilidad, el aprendizaje t\u00e9cnico y la conciencia ambiental a trav\u00e9s\u00a0de proyectos productivos&#8230;<\/p>\n","protected":false},"author":2,"featured_media":32518,"comment_status":"closed","ping_status":"closed","sticky":false,"template":"","format":"standard","meta":{"_joinchat":[],"footnotes":""},"categories":[18,1,2,3],"tags":[],"class_list":["post-32517","post","type-post","status-publish","format-standard","has-post-thumbnail","hentry","category-almomento","category-boletin","category-estado","category-health"],"_links":{"self":[{"href":"https:\/\/icoinformativo.mx\/home\/index.php?rest_route=\/wp\/v2\/posts\/32517","targetHints":{"allow":["GET"]}}],"collection":[{"href":"https:\/\/icoinformativo.mx\/home\/index.php?rest_route=\/wp\/v2\/posts"}],"about":[{"href":"https:\/\/icoinformativo.mx\/home\/index.php?rest_route=\/wp\/v2\/types\/post"}],"author":[{"embeddable":true,"href":"https:\/\/icoinformativo.mx\/home\/index.php?rest_route=\/wp\/v2\/users\/2"}],"replies":[{"embeddable":true,"href":"https:\/\/icoinformativo.mx\/home\/index.php?rest_route=%2Fwp%2Fv2%2Fcomments&post=32517"}],"version-history":[{"count":1,"href":"https:\/\/icoinformativo.mx\/home\/index.php?rest_route=\/wp\/v2\/posts\/32517\/revisions"}],"predecessor-version":[{"id":32519,"href":"https:\/\/icoinformativo.mx\/home\/index.php?rest_route=\/wp\/v2\/posts\/32517\/revisions\/32519"}],"wp:featuredmedia":[{"embeddable":true,"href":"https:\/\/icoinformativo.mx\/home\/index.php?rest_route=\/wp\/v2\/media\/32518"}],"wp:attachment":[{"href":"https:\/\/icoinformativo.mx\/home\/index.php?rest_route=%2Fwp%2Fv2%2Fmedia&parent=32517"}],"wp:term":[{"taxonomy":"category","embeddable":true,"href":"https:\/\/icoinformativo.mx\/home\/index.php?rest_route=%2Fwp%2Fv2%2Fcategories&post=32517"},{"taxonomy":"post_tag","embeddable":true,"href":"https:\/\/icoinformativo.mx\/home\/index.php?rest_route=%2Fwp%2Fv2%2Ftags&post=32517"}],"curies":[{"name":"wp","href":"https:\/\/api.w.org\/{rel}","templated":true}]}}