{"id":32505,"date":"2025-05-13T03:31:39","date_gmt":"2025-05-13T03:31:39","guid":{"rendered":"https:\/\/icoinformativo.mx\/home\/?p=32505"},"modified":"2025-05-13T03:31:39","modified_gmt":"2025-05-13T03:31:39","slug":"asiste-fredi-ramirez-diaz-a-instalacion-y-sesion-ordinaria-de-consejo-intermunicipal-de-seguridad-publica-en-pichucalco","status":"publish","type":"post","link":"https:\/\/icoinformativo.mx\/home\/?p=32505","title":{"rendered":"Asiste Fredi Ramirez Diaz a instalaci\u00f3n y sesi\u00f3n ordinaria de consejo intermunicipal de seguridad p\u00fablica en Pichucalco\u00a0"},"content":{"rendered":"<p>&nbsp;<\/p>\n<p>El presidente municipal de Sunuapa Fredi Ram\u00edrez D\u00edaz particip\u00f3 este lunes en una mesa de trabajo en materia de seguridad donde asistieron personalidades del estado con la finalidad de fortalecer las acciones para brindar la atenci\u00f3n a los habitantes de los municipios de esta zona norte.<\/p>\n<p>&nbsp;<\/p>\n<p>En su participaci\u00f3n el edil #FrediRam\u00edrezD\u00edaz agradeci\u00f3 al Secretario ejecutivo del Sistema Estatal de Seguridad P\u00fablica Jos\u00e9 Domingo Bezares V\u00e1zquez por la atenci\u00f3n que han tenido con este municipio de Sunuapa y asimismo pidi\u00f3 no olvidarse de la solicitud de una patrulla para garantizar la seguridad ya que desde el 2012 a este municipio no se le ha apoyado con veh\u00edculos y se trabaja con unidades que est\u00e1n en p\u00e9simas condiciones.<\/p>\n<p>&nbsp;<\/p>\n<p>El edil reitero la importancia de trabajar en unidad y quedo a la orden de coadyuvar con la Secretaria de Seguridad para garantizar la paz en su municipio.<\/p>\n<p>&nbsp;<\/p>\n<p>#Sunuapa #SeguridadPublica<\/p>\n","protected":false},"excerpt":{"rendered":"<p>&nbsp; El presidente municipal de Sunuapa Fredi Ram\u00edrez D\u00edaz particip\u00f3 este lunes en una mesa&#8230;<\/p>\n","protected":false},"author":2,"featured_media":32506,"comment_status":"closed","ping_status":"closed","sticky":false,"template":"","format":"standard","meta":{"_joinchat":[],"footnotes":""},"categories":[18,1,2,3],"tags":[],"class_list":["post-32505","post","type-post","status-publish","format-standard","has-post-thumbnail","hentry","category-almomento","category-boletin","category-estado","category-health"],"_links":{"self":[{"href":"https:\/\/icoinformativo.mx\/home\/index.php?rest_route=\/wp\/v2\/posts\/32505","targetHints":{"allow":["GET"]}}],"collection":[{"href":"https:\/\/icoinformativo.mx\/home\/index.php?rest_route=\/wp\/v2\/posts"}],"about":[{"href":"https:\/\/icoinformativo.mx\/home\/index.php?rest_route=\/wp\/v2\/types\/post"}],"author":[{"embeddable":true,"href":"https:\/\/icoinformativo.mx\/home\/index.php?rest_route=\/wp\/v2\/users\/2"}],"replies":[{"embeddable":true,"href":"https:\/\/icoinformativo.mx\/home\/index.php?rest_route=%2Fwp%2Fv2%2Fcomments&post=32505"}],"version-history":[{"count":1,"href":"https:\/\/icoinformativo.mx\/home\/index.php?rest_route=\/wp\/v2\/posts\/32505\/revisions"}],"predecessor-version":[{"id":32507,"href":"https:\/\/icoinformativo.mx\/home\/index.php?rest_route=\/wp\/v2\/posts\/32505\/revisions\/32507"}],"wp:featuredmedia":[{"embeddable":true,"href":"https:\/\/icoinformativo.mx\/home\/index.php?rest_route=\/wp\/v2\/media\/32506"}],"wp:attachment":[{"href":"https:\/\/icoinformativo.mx\/home\/index.php?rest_route=%2Fwp%2Fv2%2Fmedia&parent=32505"}],"wp:term":[{"taxonomy":"category","embeddable":true,"href":"https:\/\/icoinformativo.mx\/home\/index.php?rest_route=%2Fwp%2Fv2%2Fcategories&post=32505"},{"taxonomy":"post_tag","embeddable":true,"href":"https:\/\/icoinformativo.mx\/home\/index.php?rest_route=%2Fwp%2Fv2%2Ftags&post=32505"}],"curies":[{"name":"wp","href":"https:\/\/api.w.org\/{rel}","templated":true}]}}