{"id":32502,"date":"2025-05-13T03:29:31","date_gmt":"2025-05-13T03:29:31","guid":{"rendered":"https:\/\/icoinformativo.mx\/home\/?p=32502"},"modified":"2025-05-13T03:29:31","modified_gmt":"2025-05-13T03:29:31","slug":"prepara-el-ayuntamiento-de-ixtacomitan-festejo-en-grande-por-el-dia-de-las-madres","status":"publish","type":"post","link":"https:\/\/icoinformativo.mx\/home\/?p=32502","title":{"rendered":"Prepara el ayuntamiento de Ixtacomit\u00e1n festejo en grande por el D\u00eda de las madres\u00a0"},"content":{"rendered":"<p>&nbsp;<\/p>\n<p>El H.Ayuntamiento que preside Miguel Angel Moreno Palacios y DIF Municipal a cargo de Blanca Estrada te invitan al festival del D\u00eda de las Madres con un evento lleno de amor, alegr\u00eda y mucha m\u00fasica.<\/p>\n<p>&nbsp;<\/p>\n<p>\ud83d\udccd Domo central<\/p>\n<p>\ud83d\uddd3\ufe0f Jueves 15 de mayo<\/p>\n<p>\ud83d\udd55 6:00 PM<\/p>\n<p>&nbsp;<\/p>\n<p>\u00a1Tendremos regalos para todas,rifas y con un show espectacular que no te puedes perder!<\/p>\n<p>&nbsp;<\/p>\n<p>\u00a1Celebremos juntas como solo las reinas del hogar lo merecen!<\/p>\n<p>&nbsp;<\/p>\n<p>#unidadtrabajoytransformacion.<\/p>\n<p>Ixtacomit\u00e1n Chiapas H. Ayuntamiento 2024-2027<\/p>\n","protected":false},"excerpt":{"rendered":"<p>&nbsp; El H.Ayuntamiento que preside Miguel Angel Moreno Palacios y DIF Municipal a cargo de&#8230;<\/p>\n","protected":false},"author":2,"featured_media":32503,"comment_status":"closed","ping_status":"closed","sticky":false,"template":"","format":"standard","meta":{"_joinchat":[],"footnotes":""},"categories":[18,1,2,3],"tags":[],"class_list":["post-32502","post","type-post","status-publish","format-standard","has-post-thumbnail","hentry","category-almomento","category-boletin","category-estado","category-health"],"_links":{"self":[{"href":"https:\/\/icoinformativo.mx\/home\/index.php?rest_route=\/wp\/v2\/posts\/32502","targetHints":{"allow":["GET"]}}],"collection":[{"href":"https:\/\/icoinformativo.mx\/home\/index.php?rest_route=\/wp\/v2\/posts"}],"about":[{"href":"https:\/\/icoinformativo.mx\/home\/index.php?rest_route=\/wp\/v2\/types\/post"}],"author":[{"embeddable":true,"href":"https:\/\/icoinformativo.mx\/home\/index.php?rest_route=\/wp\/v2\/users\/2"}],"replies":[{"embeddable":true,"href":"https:\/\/icoinformativo.mx\/home\/index.php?rest_route=%2Fwp%2Fv2%2Fcomments&post=32502"}],"version-history":[{"count":1,"href":"https:\/\/icoinformativo.mx\/home\/index.php?rest_route=\/wp\/v2\/posts\/32502\/revisions"}],"predecessor-version":[{"id":32504,"href":"https:\/\/icoinformativo.mx\/home\/index.php?rest_route=\/wp\/v2\/posts\/32502\/revisions\/32504"}],"wp:featuredmedia":[{"embeddable":true,"href":"https:\/\/icoinformativo.mx\/home\/index.php?rest_route=\/wp\/v2\/media\/32503"}],"wp:attachment":[{"href":"https:\/\/icoinformativo.mx\/home\/index.php?rest_route=%2Fwp%2Fv2%2Fmedia&parent=32502"}],"wp:term":[{"taxonomy":"category","embeddable":true,"href":"https:\/\/icoinformativo.mx\/home\/index.php?rest_route=%2Fwp%2Fv2%2Fcategories&post=32502"},{"taxonomy":"post_tag","embeddable":true,"href":"https:\/\/icoinformativo.mx\/home\/index.php?rest_route=%2Fwp%2Fv2%2Ftags&post=32502"}],"curies":[{"name":"wp","href":"https:\/\/api.w.org\/{rel}","templated":true}]}}